{"id":59839,"date":"2023-10-04T13:24:38","date_gmt":"2023-10-04T11:24:38","guid":{"rendered":"https:\/\/ofmconv.net\/roma-cardinalato-di-fra-francois-xavier-bustillo\/"},"modified":"2023-10-04T13:28:05","modified_gmt":"2023-10-04T11:28:05","slug":"roma-cardinalato-di-fra-francois-xavier-bustillo","status":"publish","type":"post","link":"https:\/\/www.ofmconv.net\/pl\/roma-cardinalato-di-fra-francois-xavier-bustillo\/","title":{"rendered":"Rzym: bp Fran\u00e7ois-Xavier BUSTILLO kreowany kardyna\u0142em"},"content":{"rendered":"<p><strong>W lipcu 2023 r. papie\u017c Franciszek mianowa\u0142 kardyna\u0142em naszego wsp\u00f3\u0142brata bp. Fran\u00e7ois-Xavier BUSTILLO R\u00cdPODAS, urodzonego 23 listopada 1968 r. w nawarskim miasteczku Arre w Pampelunie (Hiszpania), obecnie biskupa Ajaccio na Korsyce we Francji.<\/strong><\/p>\n<p>Nowy kardyna\u0142 uko\u0144czy\u0142 formacj\u0119 franciszka\u0144sk\u0105 i akademick\u0105 w Elizondo (Hiszpania), Padwie (W\u0142ochy) i Tuluzie (Francja). Przez d\u0142ugi czas by\u0142 kustoszem kustodii prowincjalnej \u015bw. Bonawentury we Francji i Belgii, piastuj\u0105c tak\u017ce kilka wa\u017cnych stanowisk diecezjalnych w diecezjach Narbonne i Lourdes we Francji.<br \/>\nW przeddzie\u0144 konsystorza, 29 wrze\u015bnia 2023 r., w gmachu \u201eCancelleria Apostolica\u201d zaprezentowa\u0142 wraz z abp. Edgar PE\u00d1A PARRA, substytutem sekretariatu stanu Stolicy Apostolskiej, wsp\u00f3lnie napisan\u0105 ksi\u0105\u017ck\u0119: <em>Le coeur ne se indivise pas<\/em>. W prezentacji udzia\u0142 wzi\u0119li przyjaciele z Narbony i Korsyki, hierarchia ko\u015bcielna oraz przedstawiciele \u015bwiata kultury.<br \/>\nCentralna uroczysto\u015b\u0107 wr\u0119czenia biretu i pier\u015bcienia kardynalskiego odby\u0142a si\u0119 30 wrze\u015bnia 2023 r. na placu \u015bw. Piotra pod przewodnictwem papie\u017ca Franciszka, kt\u00f3ry przy tej okazji podkre\u015bli\u0142 \u0142ask\u0119 powszechno\u015bci Ko\u015bcio\u0142a, symfoniczne i synodalne powo\u0142anie Ko\u015bcio\u0142a w jego wielorakiej pos\u0142udze. Naszemu kardyna\u0142owi zosta\u0142 przydzielony rzymski ko\u015bci\u00f3\u0142 tytularny pw. \u015awi\u0119tej Maryi Niepokalanej z Lourdes przy Boccea.<br \/>\nW niedziel\u0119 1 pa\u017adziernika kard. BUSTILLO \u2013 otoczony rzesz\u0105 wiernych ze swojej diecezji, licznymi kap\u0142anami i wsp\u00f3\u0142bra\u0107mi zakonnymi przyby\u0142ymi z Padwy, Francji, Hiszpanii i z naszych dom\u00f3w generalskich w Rzymie na czele z ministrem generalnym fr. Carlosem TROVARELLI \u2013 zainaugurowa\u0142 swoj\u0105 now\u0105 pos\u0142ug\u0119 sprawuj\u0105c Msz\u0119 \u015bw. w bazylice \u015bwi\u0119tych Dwunastu Aposto\u0142\u00f3w. Po uroczysto\u015bci odby\u0142 si\u0119 obiad w refektarzu kurii generalnej, na kt\u00f3rym byli obecni bracia wraz z matk\u0105 i innymi cz\u0142onkami rodziny.<br \/>\nNowemu kardyna\u0142owi sk\u0142adamy najserdeczniejsze \u017cyczenia owocnej pos\u0142ugi dla dobra Ko\u015bcio\u0142a powszechnego.<\/p>\n<p style=\"text-align: right;\">Fr. Joaqu\u00edn \u00c1ngel AGESTA CUEVAS<\/p>\nngg_shortcode_0_placeholder\n","protected":false},"excerpt":{"rendered":"<p>W lipcu 2023 r. papie\u017c Franciszek mianowa\u0142 kardyna\u0142em naszego wsp\u00f3\u0142brata bp. Fran\u00e7ois-Xavier BUSTILLO R\u00cdPODAS, urodzonego 23 listopada 1968 r. w nawarskim miasteczku Arre w Pampelunie (Hiszpania), obecnie biskupa Ajaccio na Korsyce we Francji. Nowy kardyna\u0142 uko\u0144czy\u0142 formacj\u0119 franciszka\u0144sk\u0105 i akademick\u0105 w Elizondo (Hiszpania), Padwie (W\u0142ochy) i Tuluzie (Francja). Przez d\u0142ugi czas by\u0142 kustoszem kustodii prowincjalnej [&hellip;]<\/p>\n","protected":false},"author":1,"featured_media":59835,"comment_status":"closed","ping_status":"open","sticky":false,"template":"","format":"standard","meta":{"ngg_post_thumbnail":0,"footnotes":""},"categories":[144,149],"tags":[2515],"class_list":["post-59839","post","type-post","status-publish","format-standard","has-post-thumbnail","category-ufficio-comunicazioni-pl","category-wiadomosci","tag-francois-xavier-bustillo-pl"],"_links":{"self":[{"href":"https:\/\/www.ofmconv.net\/pl\/wp-json\/wp\/v2\/posts\/59839","targetHints":{"allow":["GET"]}}],"collection":[{"href":"https:\/\/www.ofmconv.net\/pl\/wp-json\/wp\/v2\/posts"}],"about":[{"href":"https:\/\/www.ofmconv.net\/pl\/wp-json\/wp\/v2\/types\/post"}],"author":[{"embeddable":true,"href":"https:\/\/www.ofmconv.net\/pl\/wp-json\/wp\/v2\/users\/1"}],"replies":[{"embeddable":true,"href":"https:\/\/www.ofmconv.net\/pl\/wp-json\/wp\/v2\/comments?post=59839"}],"version-history":[{"count":0,"href":"https:\/\/www.ofmconv.net\/pl\/wp-json\/wp\/v2\/posts\/59839\/revisions"}],"wp:featuredmedia":[{"embeddable":true,"href":"https:\/\/www.ofmconv.net\/pl\/wp-json\/wp\/v2\/media\/59835"}],"wp:attachment":[{"href":"https:\/\/www.ofmconv.net\/pl\/wp-json\/wp\/v2\/media?parent=59839"}],"wp:term":[{"taxonomy":"category","embeddable":true,"href":"https:\/\/www.ofmconv.net\/pl\/wp-json\/wp\/v2\/categories?post=59839"},{"taxonomy":"post_tag","embeddable":true,"href":"https:\/\/www.ofmconv.net\/pl\/wp-json\/wp\/v2\/tags?post=59839"}],"curies":[{"name":"wp","href":"https:\/\/api.w.org\/{rel}","templated":true}]}}