{"id":60100,"date":"2023-10-11T10:22:13","date_gmt":"2023-10-11T08:22:13","guid":{"rendered":"https:\/\/ofmconv.net\/sicilia-solennita-di-san-francesco-dassisi-2023\/"},"modified":"2023-10-11T10:30:57","modified_gmt":"2023-10-11T08:30:57","slug":"sicilia-solennita-di-san-francesco-dassisi-2023","status":"publish","type":"post","link":"https:\/\/www.ofmconv.net\/pl\/sicilia-solennita-di-san-francesco-dassisi-2023\/","title":{"rendered":"Sycylia: uroczysto\u015b\u0107 \u015bw.\u00a0Franciszka z\u00a0Asy\u017cu"},"content":{"rendered":"<p><strong>W bazylice mniejszej \u015bw. Franciszka w Palermo uroczysto\u015bciom ku czci naszego za\u0142o\u017cyciela w dniu 4 pa\u017adziernika 2023 r. przewodniczy\u0142 kard. Mauro GAMBETTI.<\/strong><\/p>\n<p>Dat\u0119 4 pa\u017adziernika mo\u017cna bez cienia w\u0105tpliwo\u015bci uzna\u0107 za serce duchowo\u015bci franciszka\u0144skiej, poniewa\u017c upami\u0119tnia ona tajemnic\u0119 paschaln\u0105 \u015bwi\u0119tego z Asy\u017cu. W tym roku mia\u0142o to jednak szczeg\u00f3lne znaczenie i by\u0142o prze\u017cywane z wi\u0119ksz\u0105 intensywno\u015bci\u0105 na ca\u0142ym \u015bwiecie. Stanowi\u0142o bowiem cz\u0119\u015b\u0107 obchod\u00f3w osiemsetlecia franciszka\u0144skiego, kt\u00f3re w 2023 r. upami\u0119tnia zatwierdzenie Regu\u0142y i Bo\u017ce Narodzenie w Greccio.<br \/>\nWprowadzeniem do uroczysto\u015bci by\u0142o nabo\u017ce\u0144stwo <em>Transitus<\/em>, kt\u00f3re rozpocz\u0119\u0142o si\u0119 o zachodzie s\u0142o\u0144ca zapaleniem ognia, znaku \u015bwiat\u0142a paschalnego. Nast\u0119pnie mia\u0142a miejsce procesja z ikon\u0105 \u015bwi\u0119tego do bazyliki, gdzie kontynuowano sugestywny obrz\u0119d upami\u0119tniaj\u0105cy przej\u015bcie Biedaczyny z rzeczywisto\u015bci ziemskiej do niebia\u0144skiej.<br \/>\n4 pa\u017adziernika uroczystej Mszy \u015bw. przewodniczy\u0142 nasz wsp\u00f3\u0142brat kard. GAMBETTI, a koncelebrowali minister prowincjalny prowincji \u015bwi\u0119tych Agaty i \u0141ucji we W\u0142oszech (Sycylia i Kalabria) fr. Gaspare LA BARBERA, wsp\u00f3\u0142bracia i inni kap\u0142ani. W obecno\u015bci w\u0142adz cywilnych i wojskowych burmistrz Roberto LAGALLA ofiarowa\u0142 oliw\u0119 i zapali\u0142 lamp\u0119 p\u0142on\u0105c\u0105 przed wizerunkiem \u015bw. Franciszka, a tak\u017ce odm\u00f3wi\u0142 akt zawierzenia. Na zako\u0144czenie og\u0142oszono, \u017ce w przysz\u0142ym roku region Sycylii odb\u0119dzie pielgrzymk\u0119 do Asy\u017cu, aby ofiarowa\u0107 oliw\u0119 do lampy przy grobie \u015bwi\u0119tego.<br \/>\nUroczysto\u015b\u0107 by\u0142a r\u00f3wnie\u017c okazj\u0105 do zapowiedzenia obchod\u00f3w, kt\u00f3re zaraz zainicjowano w bazylice: osiemsetlecia obecno\u015bci franciszkan\u00f3w w Palermo (1224-2024). Pierwsi bracia przybyli do miasta u zarania dziej\u00f3w Zakonu, osiedlaj\u0105c si\u0119 w miejscu, w kt\u00f3rym dzi\u015b znajduje si\u0119 kompleks klasztorny.<br \/>\nPonadto poinformowano o dw\u00f3ch innych wa\u017cnych wydarzeniach przypadaj\u0105cych w 2024 r.: setnej rocznicy nadania ko\u015bcio\u0142owi tytu\u0142u bazyliki mniejszej (1924-2024) oraz czterechsetnej rocznicy tzw. <em>\u201evoto sanguinario\u201d<\/em> (zobowi\u0105zanie mieszka\u0144c\u00f3w Palermo do obrony dogmatu o Niepokalanym Pocz\u0119ciu Maryi a\u017c do przelania krwi). Oficjalne otwarcie obchod\u00f3w nast\u0105pi 8 grudnia 2023 r., w uroczysto\u015b\u0107 Niepokalanego Pocz\u0119cia.<br \/>\n\u201ePrze\u017cywajmy wspomniane rocznice \u2013 powiedzia\u0142 minister prowincjalny \u2013 jako okazj\u0119 do zastanowienia si\u0119 przede wszystkim nad naszym osobistym i wsp\u00f3lnotowym powo\u0142aniem jako os\u00f3b konsekrowanych i \u015bwieckich, id\u0105cych za Chrystusem \u015bladami Biedaczyny z Asy\u017cu i szukaj\u0105cych odpowiedzi na pytania naszych czas\u00f3w poprzez do\u015bwiadczenie, kt\u00f3re po o\u015bmiu wiekach jest wci\u0105\u017c \u017cywe i wci\u0105\u017c ma wiele do powiedzenia. Dzi\u0119kujmy Panu za dar \u015bw. Franciszka i Zakonu franciszka\u0144skiego, prosz\u0105c go razem z Maryj\u0105 Niepokalan\u0105 o wstawiennictwo, aby Pan nauczy\u0142 ka\u017cdego z nas wnosi\u0107 sw\u00f3j wk\u0142ad w Ko\u015bci\u00f3\u0142 i spo\u0142ecze\u0144stwo\u201d.<\/p>\n<p style=\"text-align: right;\">Bracia z bazyliki \u015bw. Franciszka w Palermo<\/p>\nngg_shortcode_0_placeholder\n","protected":false},"excerpt":{"rendered":"<p>W bazylice mniejszej \u015bw. Franciszka w Palermo uroczysto\u015bciom ku czci naszego za\u0142o\u017cyciela w dniu 4 pa\u017adziernika 2023 r. przewodniczy\u0142 kard. Mauro GAMBETTI. Dat\u0119 4 pa\u017adziernika mo\u017cna bez cienia w\u0105tpliwo\u015bci uzna\u0107 za serce duchowo\u015bci franciszka\u0144skiej, poniewa\u017c upami\u0119tnia ona tajemnic\u0119 paschaln\u0105 \u015bwi\u0119tego z Asy\u017cu. W tym roku mia\u0142o to jednak szczeg\u00f3lne znaczenie i by\u0142o prze\u017cywane z wi\u0119ksz\u0105 [&hellip;]<\/p>\n","protected":false},"author":1,"featured_media":60096,"comment_status":"closed","ping_status":"open","sticky":false,"template":"","format":"standard","meta":{"ngg_post_thumbnail":0,"footnotes":""},"categories":[131,118,149],"tags":[1916],"class_list":["post-60100","post","type-post","status-publish","format-standard","has-post-thumbnail","category-federacje","category-fimp-pl","category-wiadomosci","tag-wlochy-sycylia"],"_links":{"self":[{"href":"https:\/\/www.ofmconv.net\/pl\/wp-json\/wp\/v2\/posts\/60100","targetHints":{"allow":["GET"]}}],"collection":[{"href":"https:\/\/www.ofmconv.net\/pl\/wp-json\/wp\/v2\/posts"}],"about":[{"href":"https:\/\/www.ofmconv.net\/pl\/wp-json\/wp\/v2\/types\/post"}],"author":[{"embeddable":true,"href":"https:\/\/www.ofmconv.net\/pl\/wp-json\/wp\/v2\/users\/1"}],"replies":[{"embeddable":true,"href":"https:\/\/www.ofmconv.net\/pl\/wp-json\/wp\/v2\/comments?post=60100"}],"version-history":[{"count":0,"href":"https:\/\/www.ofmconv.net\/pl\/wp-json\/wp\/v2\/posts\/60100\/revisions"}],"wp:featuredmedia":[{"embeddable":true,"href":"https:\/\/www.ofmconv.net\/pl\/wp-json\/wp\/v2\/media\/60096"}],"wp:attachment":[{"href":"https:\/\/www.ofmconv.net\/pl\/wp-json\/wp\/v2\/media?parent=60100"}],"wp:term":[{"taxonomy":"category","embeddable":true,"href":"https:\/\/www.ofmconv.net\/pl\/wp-json\/wp\/v2\/categories?post=60100"},{"taxonomy":"post_tag","embeddable":true,"href":"https:\/\/www.ofmconv.net\/pl\/wp-json\/wp\/v2\/tags?post=60100"}],"curies":[{"name":"wp","href":"https:\/\/api.w.org\/{rel}","templated":true}]}}