{"id":60373,"date":"2023-10-18T12:54:55","date_gmt":"2023-10-18T10:54:55","guid":{"rendered":"https:\/\/ofmconv.net\/seraphicum-inaugurazione-anno-accademico-2023-24\/"},"modified":"2023-10-18T12:59:20","modified_gmt":"2023-10-18T10:59:20","slug":"seraphicum-inaugurazione-anno-accademico-2023-24","status":"publish","type":"post","link":"https:\/\/www.ofmconv.net\/pl\/seraphicum-inaugurazione-anno-accademico-2023-24\/","title":{"rendered":"Seraphicum: inauguracja roku akademickiego"},"content":{"rendered":"<p><strong>16 pa\u017adziernika 2023 r. odby\u0142a si\u0119 uroczysta inauguracja roku akademickiego 2023-2024 na Papieskim Wydziale Teologicznym \u015bw. Bonawentury Seraphicum w Rzymie.<\/strong><\/p>\n<p>Wyk\u0142ad inauguracyjny wyg\u0142osi\u0142 kard. Marcello SEMERARO, prefekt Dykasterii Spraw Kanonizacyjnych. Wcze\u015bniej m\u00f3wc\u0119 zaprezentowa\u0142 dziekan fr. Raffaele DI MURO, podkre\u015blaj\u0105c nie tylko jego obecne zaanga\u017cowanie w dykasterii, ale tak\u017ce jego cenny wk\u0142ad w studia teologiczne poprzez nauczanie i wiele wa\u017cnych publikacji.<br \/>\nPrelegent rozwa\u017ca\u0142 temat <em>\u015awi\u0119to\u015b\u0107 prze\u017cyciem chrystologii na co dzie\u0144<\/em>, podkre\u015blaj\u0105c dwa wymiary \u015bwi\u0119to\u015bci \u2013 indywidualny i wsp\u00f3lnotowy. Pierwszy aspekt czerpie inspiracj\u0119 z tekstu odzwierciedlaj\u0105cego si\u0119 w do\u015bwiadczeniach wielkich \u015bwi\u0119tych, Listu do Galat\u00f3w: \u201eTeraz za\u015b ju\u017c nie ja \u017cyj\u0119, lecz \u017cyje we mnie Chrystus. Cho\u0107 nadal prowadz\u0119 \u017cycie w ciele, jednak obecne \u017cycie moje jest \u017cyciem wiary w Syna Bo\u017cego, kt\u00f3ry umi\u0142owa\u0142 mnie i samego siebie wyda\u0142 za mnie\u201d (2, 20). Droga \u015bwi\u0119to\u015bci jest drog\u0105 prowadz\u0105c\u0105 ku Chrystusowi, jest k\u0142adzeniem fundament\u00f3w w Nim, z Nim i dla Niego. Najwy\u017cszym wyrazem tego upodobnienia si\u0119 do Chrystusa jest do\u015bwiadczenie \u015bw. Franciszka. Drugi poruszony aspekt to \u015bwi\u0119to\u015b\u0107 jako powo\u0142anie wsp\u00f3lnotowe, jako w\u0119dr\u00f3wka, kt\u00f3ra wymaga ci\u0105g\u0142ego odniesienia do wsp\u00f3lnoty. Nigdy nie jest si\u0119 \u015bwi\u0119tym w pojedynk\u0119.<br \/>\nPo s\u0142owach podzi\u0119kowania skierowanych do prelegenta przez wikariusza generalnego i wicekanclerza wydzia\u0142u fr. Jana MACIEJOWSKIEGO wr\u0119czono dyplomy uczestnikom pierwszej edycji kursu online o franciszkanizmie <em>\u015aladami Franciszka i Klary<\/em>.<br \/>\nWyk\u0142adowcom i studentom Seraphicum \u017cyczymy dobrego roku studi\u00f3w, bada\u0144 i indywidualnego rozwoju poprzez zg\u0142\u0119bianie wiedzy teologicznej.<\/p>\n<p style=\"text-align: right;\">Fr. Marco PERRUCCI<\/p>\nngg_shortcode_0_placeholder\n","protected":false},"excerpt":{"rendered":"<p>16 pa\u017adziernika 2023 r. odby\u0142a si\u0119 uroczysta inauguracja roku akademickiego 2023-2024 na Papieskim Wydziale Teologicznym \u015bw. Bonawentury Seraphicum w Rzymie. Wyk\u0142ad inauguracyjny wyg\u0142osi\u0142 kard. Marcello SEMERARO, prefekt Dykasterii Spraw Kanonizacyjnych. Wcze\u015bniej m\u00f3wc\u0119 zaprezentowa\u0142 dziekan fr. Raffaele DI MURO, podkre\u015blaj\u0105c nie tylko jego obecne zaanga\u017cowanie w dykasterii, ale tak\u017ce jego cenny wk\u0142ad w studia teologiczne poprzez [&hellip;]<\/p>\n","protected":false},"author":1,"featured_media":60369,"comment_status":"closed","ping_status":"open","sticky":false,"template":"","format":"standard","meta":{"ngg_post_thumbnail":0,"footnotes":""},"categories":[144,149],"tags":[335],"class_list":["post-60373","post","type-post","status-publish","format-standard","has-post-thumbnail","category-ufficio-comunicazioni-pl","category-wiadomosci","tag-seraphicum-pl"],"_links":{"self":[{"href":"https:\/\/www.ofmconv.net\/pl\/wp-json\/wp\/v2\/posts\/60373","targetHints":{"allow":["GET"]}}],"collection":[{"href":"https:\/\/www.ofmconv.net\/pl\/wp-json\/wp\/v2\/posts"}],"about":[{"href":"https:\/\/www.ofmconv.net\/pl\/wp-json\/wp\/v2\/types\/post"}],"author":[{"embeddable":true,"href":"https:\/\/www.ofmconv.net\/pl\/wp-json\/wp\/v2\/users\/1"}],"replies":[{"embeddable":true,"href":"https:\/\/www.ofmconv.net\/pl\/wp-json\/wp\/v2\/comments?post=60373"}],"version-history":[{"count":0,"href":"https:\/\/www.ofmconv.net\/pl\/wp-json\/wp\/v2\/posts\/60373\/revisions"}],"wp:featuredmedia":[{"embeddable":true,"href":"https:\/\/www.ofmconv.net\/pl\/wp-json\/wp\/v2\/media\/60369"}],"wp:attachment":[{"href":"https:\/\/www.ofmconv.net\/pl\/wp-json\/wp\/v2\/media?parent=60373"}],"wp:term":[{"taxonomy":"category","embeddable":true,"href":"https:\/\/www.ofmconv.net\/pl\/wp-json\/wp\/v2\/categories?post=60373"},{"taxonomy":"post_tag","embeddable":true,"href":"https:\/\/www.ofmconv.net\/pl\/wp-json\/wp\/v2\/tags?post=60373"}],"curies":[{"name":"wp","href":"https:\/\/api.w.org\/{rel}","templated":true}]}}