{"id":60661,"date":"2023-10-30T12:41:57","date_gmt":"2023-10-30T11:41:57","guid":{"rendered":"https:\/\/ofmconv.net\/slovenia-capitolo-spirituale-2\/"},"modified":"2023-10-30T12:45:07","modified_gmt":"2023-10-30T11:45:07","slug":"slovenia-capitolo-spirituale-2","status":"publish","type":"post","link":"https:\/\/www.ofmconv.net\/pl\/slovenia-capitolo-spirituale-2\/","title":{"rendered":"S\u0142owenia: kapitu\u0142a duchowa"},"content":{"rendered":"<p><strong>W dniach 24-25 pa\u017adziernika 2023 r. w klasztorze \u015bwi\u0119tych Piotra i Paw\u0142a w Ptuj bracia z prowincji \u015bw. J\u00f3zefa w S\u0142owenii odbyli kapitu\u0142\u0119 duchow\u0105 pod has\u0142em <em>Nasza pos\u0142uga i nowe powo\u0142ania<\/em>.<\/strong><\/p>\n<p>W swojej konferencji fr. \u0160tefan KO\u017dUH OFMCap zach\u0119ca\u0142 braci do postawienia relacji z Bogiem w centrum \u017cycia konsekrowanego. W tym wymiarze nasz\u0105 wielk\u0105 odpowiedzialno\u015bci\u0105 jest piel\u0119gnowanie modlitwy osobistej i wsp\u00f3lnotowej. \u017bycie z Bogiem nigdy nie jest zako\u0144czonym procesem. Jest to przej\u015bcie od tego, kim jestem, do pe\u0142nego upodobnienia si\u0119 do Jezusa Chrystusa. Tylko w ten spos\u00f3b mo\u017ce si\u0119 zdarzy\u0107, \u017ce pewnego dnia Jezus zatriumfuje we mnie. W tym sensie musimy decydowa\u0107 o \u201enajwa\u017cniejszych momentach\u201d tygodnia, miesi\u0105ca i roku. \u015aw. Franciszek jest dla nas pi\u0119knym przyk\u0142adem.<br \/>\nS. \u0160tefka KLEMEN, urszulanka, m\u00f3wi\u0142a o powo\u0142aniu. Musimy \u017cy\u0107 naszym powo\u0142aniem z rado\u015bci\u0105, kt\u00f3ra zawsze winna by\u0107 o\u017cywiana. Tylko wtedy mo\u017cemy i powinni\u015bmy m\u00f3wi\u0107 innym, \u017ce na mocy chrztu wszyscy jeste\u015bmy powo\u0142ani do r\u00f3\u017cnych pos\u0142ug, a niekt\u00f3rzy do \u017cycia zakonnego i do kap\u0142a\u0144stwa. Wezwani potrzebuj\u0105 towarzyszenia, edukacji i formacji.<br \/>\nZ kolei fr. Stjepan BR\u010cINA OFMConv przybli\u017cy\u0142 apostolat, kt\u00f3ry prowadzi w\u015br\u00f3d m\u0142odzie\u017cy w Zagrzebiu i wielu innych miejscach. Organizuje on cotygodniowe spotkania, na kt\u00f3re sk\u0142ada si\u0119 celebracja Eucharystii, katecheza, adoracja i mo\u017cliwo\u015b\u0107 spowiedzi. Wielu m\u0142odych aktywnie uczestniczy w tych spotkaniach, a niekt\u00f3rzy z nich odpowiadaj\u0105 na Bo\u017ce wezwanie i decyduj\u0105 si\u0119 wej\u015b\u0107 na drog\u0119 \u017cycia zakonnego i kap\u0142a\u0144stwa.<br \/>\nKapitu\u0142a duchowa umocni\u0142a wi\u0119zi braterskie, o\u017cywi\u0142a rado\u015b\u0107 z powo\u0142ania Bo\u017cego i zach\u0119ci\u0142a do nadziei, \u017ce Pan ze\u015ble nowe powo\u0142ania, je\u015bli b\u0119dziemy sp\u00f3jni w naszym \u017cyciu i wytrwali w modlitwie.<\/p>\n<p style=\"text-align: right;\">Fr. Milan KOS, minister prowincjalny<\/p>\nngg_shortcode_0_placeholder\n","protected":false},"excerpt":{"rendered":"<p>W dniach 24-25 pa\u017adziernika 2023 r. w klasztorze \u015bwi\u0119tych Piotra i Paw\u0142a w Ptuj bracia z prowincji \u015bw. J\u00f3zefa w S\u0142owenii odbyli kapitu\u0142\u0119 duchow\u0105 pod has\u0142em Nasza pos\u0142uga i nowe powo\u0142ania. W swojej konferencji fr. \u0160tefan KO\u017dUH OFMCap zach\u0119ca\u0142 braci do postawienia relacji z Bogiem w centrum \u017cycia konsekrowanego. W tym wymiarze nasz\u0105 wielk\u0105 odpowiedzialno\u015bci\u0105 [&hellip;]<\/p>\n","protected":false},"author":1,"featured_media":60657,"comment_status":"closed","ping_status":"open","sticky":false,"template":"","format":"standard","meta":{"ngg_post_thumbnail":0,"footnotes":""},"categories":[103,131,149],"tags":[1048,670],"class_list":["post-60661","post","type-post","status-publish","format-standard","has-post-thumbnail","category-cef-pl","category-federacje","category-wiadomosci","tag-kapitula-duchowa","tag-slowenia"],"_links":{"self":[{"href":"https:\/\/www.ofmconv.net\/pl\/wp-json\/wp\/v2\/posts\/60661","targetHints":{"allow":["GET"]}}],"collection":[{"href":"https:\/\/www.ofmconv.net\/pl\/wp-json\/wp\/v2\/posts"}],"about":[{"href":"https:\/\/www.ofmconv.net\/pl\/wp-json\/wp\/v2\/types\/post"}],"author":[{"embeddable":true,"href":"https:\/\/www.ofmconv.net\/pl\/wp-json\/wp\/v2\/users\/1"}],"replies":[{"embeddable":true,"href":"https:\/\/www.ofmconv.net\/pl\/wp-json\/wp\/v2\/comments?post=60661"}],"version-history":[{"count":0,"href":"https:\/\/www.ofmconv.net\/pl\/wp-json\/wp\/v2\/posts\/60661\/revisions"}],"wp:featuredmedia":[{"embeddable":true,"href":"https:\/\/www.ofmconv.net\/pl\/wp-json\/wp\/v2\/media\/60657"}],"wp:attachment":[{"href":"https:\/\/www.ofmconv.net\/pl\/wp-json\/wp\/v2\/media?parent=60661"}],"wp:term":[{"taxonomy":"category","embeddable":true,"href":"https:\/\/www.ofmconv.net\/pl\/wp-json\/wp\/v2\/categories?post=60661"},{"taxonomy":"post_tag","embeddable":true,"href":"https:\/\/www.ofmconv.net\/pl\/wp-json\/wp\/v2\/tags?post=60661"}],"curies":[{"name":"wp","href":"https:\/\/api.w.org\/{rel}","templated":true}]}}