{"id":60788,"date":"2023-11-03T14:06:08","date_gmt":"2023-11-03T13:06:08","guid":{"rendered":"https:\/\/ofmconv.net\/servire-il-signore-amando-la-chiesa-intervista-al-card-francois-xavier-bustillo-ofmconv\/"},"modified":"2023-11-03T14:16:45","modified_gmt":"2023-11-03T13:16:45","slug":"servire-il-signore-amando-la-chiesa-intervista-al-card-francois-xavier-bustillo-ofmconv","status":"publish","type":"post","link":"https:\/\/www.ofmconv.net\/pl\/servire-il-signore-amando-la-chiesa-intervista-al-card-francois-xavier-bustillo-ofmconv\/","title":{"rendered":"S\u0142u\u017cy\u0107 Panu, kochaj\u0105c Ko\u015bci\u00f3\u0142"},"content":{"rendered":"<h3><strong>Wywiad z kard. Fran\u00e7ois-Xavier Bustillo OFMConv<\/strong><\/h3>\n<p><strong>\u2013 <\/strong><strong>Po modlitwie Anio\u0142 Pa\u0144ski w niedziel\u0119 9 lipca 2023 r. na placu \u015bw. Piotra w Watykanie papie\u017c Franciszek og\u0142osi\u0142 list\u0119 nowych kardyna\u0142\u00f3w, kt\u00f3rzy nast\u0119pnie zostali kreowani na konsystorzu w sobot\u0119 30 wrze\u015bnia 2023 r. W\u015br\u00f3d nominat\u00f3w jest franciszkanin, brat mniejszy konwentualny, biskup diecezji Ajaccio na Korsyce we Francji, z kt\u00f3rym mam okazj\u0119 i przyjemno\u015b\u0107 rozmawia\u0107.<br \/>\n<\/strong>\u2013 By\u0142 to dla mnie rzeczywi\u015bcie moment zaskoczenia. Z woli Ojca \u015awi\u0119tego zosta\u0142em mianowany kardyna\u0142em. Gdy otrzyma\u0142em tak\u0105 wiadomo\u015b\u0107, pomijaj\u0105c emocje i reakcje, w\u0142a\u015bciwa wyda\u0142a mi si\u0119 postawa zaufania i wewn\u0119trznego spokoju. Pewnego dnia w mojej m\u0142odo\u015bci, sk\u0142adaj\u0105c \u015bluby zakonne, powiedzia\u0142em Panu \u201etak\u201d; dzi\u015b, znajduj\u0105c si\u0119 w innej sytuacji zwi\u0105zanej z pos\u0142ug\u0105 ko\u015bcieln\u0105, nadal m\u00f3wi\u0119 Panu \u201etak\u201d w budowaniu Jego kr\u00f3lestwa.<\/p>\n<p><strong>\u2013 <\/strong><strong>Na pocz\u0105tku tej rozmowy pragn\u0119 poprosi\u0107, aby Wasza Eminencja zechcia\u0142 \u201eprzedstawi\u0107 si\u0119\u201d naszym wsp\u00f3\u0142braciom, zw\u0142aszcza tym, kt\u00f3rzy go jeszcze nie znaj\u0105, przybli\u017cy\u0107 swoj\u0105 drog\u0119 \u017cyciow\u0105, a przede wszystkim swoje do\u015bwiadczenie bycia zakonnikiem franciszka\u0144skim.<br \/>\n<\/strong><strong>Najpierw chcia\u0142bym zapyta\u0107 o \u015brodowisko, w jakim dojrzewa\u0142o powo\u0142anie, a wi\u0119c o rodzin\u0119, \u00f3w \u201ema\u0142y Ko\u015bci\u00f3\u0142 domowy\u201d, kt\u00f3ry kszta\u0142towa\u0142 warto\u015bci ludzkie i chrze\u015bcija\u0144skie. Czy jeszcze dzi\u015b s\u0105 przydatne zasady nauczone w domu rodzinnym? Cz\u0119sto wraca pami\u0119ci\u0105 do ogniska domowego?<br \/>\n<\/strong>\u2013 Urodzi\u0142em si\u0119 w katolickiej rodzinie w Nawarze, w Hiszpanii, niedaleko granicy z Francj\u0105. W wieku dziesi\u0119ciu lat wst\u0105pi\u0142em do ni\u017cszego seminarium duchownego, gdzie odbywa\u0142em formacj\u0119 a\u017c do matury. W mojej rodzinie otrzyma\u0142em podstawowe warto\u015bci ludzkiego \u017cycia. Moi rodzice zach\u0119cili mnie, abym pozna\u0142 \u017cycie w seminarium i oceni\u0142, czy jest ono dla mnie. Na tym etapie mojego \u017cycia spotkanie z m\u0142odymi zakonnikami franciszka\u0144skimi, szcz\u0119\u015bliwymi i odwa\u017cnymi, okaza\u0142o si\u0119 decyduj\u0105ce. \u015awiadectwo \u017cycia ma fundamentalne znaczenie w relacjach mi\u0119dzyludzkich.<\/p>\n<p><strong>\u2013 <\/strong><strong>Kiedy i w jakim kontek\u015bcie Ojciec Kardyna\u0142 odkry\u0142 powo\u0142anie zakonne i kap\u0142a\u0144skie? By\u0142o jakie\u015b szczeg\u00f3lne i prze\u0142omowe wydarzenie? Dlaczego wyb\u00f3r ukierunkowa\u0142 si\u0119 na franciszkan\u00f3w?<br \/>\n<\/strong>\u2013 Na mojej drodze nie by\u0142o spektakularnych znak\u00f3w, jak w przypadku \u015bw. Paw\u0142a. \u017by\u0142em w gotowo\u015bci do wype\u0142nienia woli Bo\u017cej. Droga powo\u0142ania by\u0142a prosta i zwyczajna. Spotkanie z zakonnikami by\u0142o dla mnie motywem zach\u0119caj\u0105cym do zwi\u0105zania si\u0119 z franciszkanami konwentualnymi. \u015aw. Franciszek podoba\u0142 mi si\u0119, powiedzia\u0142bym, z powod\u00f3w nieco poetyckich. P\u00f3\u017aniejszy czas i formacja pocz\u0105tkowa da\u0142y mi mo\u017cliwo\u015b\u0107 odkrycia \u015bw. Franciszka trze\u017awo st\u0105paj\u0105cego po ziemi, ale potrafi\u0105cego zmieni\u0107 swoje \u017cycie i umiej\u0105cego nada\u0107 kierunek \u017cyciu braci, co czyni\u0142 ze wzgl\u0119du na sw\u00f3j radykalizm i swoj\u0105 sp\u00f3jno\u015b\u0107 ewangeliczn\u0105.<\/p>\n<p><strong>\u2013 <\/strong><strong>Czy poszczeg\u00f3lne etapy formacji zakonnej by\u0142y ubogacaj\u0105ce, otwieraj\u0105c nowe horyzonty, dot\u0105d nieznane, przygotowuj\u0105c do podj\u0119cia p\u00f3\u017aniejszej pos\u0142ugi? Jak na podstawie w\u0142asnego do\u015bwiadczenia Eminencja widzi przysz\u0142\u0105 formacj\u0119 do \u017cycia franciszka\u0144skiego?<br \/>\n<\/strong>\u2013 Po maturze wyjecha\u0142em do Padwy na nowicjat i dalsz\u0105 formacj\u0119 franciszka\u0144sk\u0105 i teologiczn\u0105. Pobyt w Padwie by\u0142 dla mnie pi\u0119knym czasem stawiania fundament\u00f3w pod \u017cycie zakonne. W Padwie przyswoi\u0142em warto\u015bci, kt\u00f3re nadaj\u0105 trwa\u0142o\u015b\u0107 i stabilno\u015b\u0107 \u017cyciu zakonnemu i franciszka\u0144skiemu.<br \/>\nDzisiaj my\u015bl\u0119, \u017ce formacja franciszka\u0144ska, i w og\u00f3le formacja do \u017cycia zakonnego, musi mie\u0107 podstaw\u0119 naukow\u0105 i intelektualn\u0105, ale nie mo\u017ce ograniczy\u0107 si\u0119 tylko do \u201ewiedzy\u201d. Je\u015bli u pocz\u0105tk\u00f3w \u017cycia franciszka\u0144skiego postawi si\u0119 tylko na \u201edzia\u0142anie\u201d i na \u201ewiedz\u0119\u201d, nie b\u0119dzie to wystarczaj\u0105ce. Uwa\u017cam, \u017ce czym\u015b niezb\u0119dnym jest wracanie pami\u0119ci\u0105 do naszej profesji zakonnej. W dniu naszego \u201etak\u201d w rodzinie franciszka\u0144skiej i w Ko\u015bciele ofiarowali\u015bmy nasze \u017cycie. Nie jest to jaka\u015b b\u0142ahostka. Ofiarowa\u0107 \u017cycie znaczy dawa\u0107 sw\u00f3j czas, energie, uczucia, wiedz\u0119, wszystko dla innych. Logika daru jest przebogata i otwiera serca.<\/p>\n<p><strong>\u2013 <\/strong><strong>Co najbardziej zafascynowa\u0142o Ojca Kardyna\u0142a w duchowo\u015bci franciszka\u0144skiej i potem wywar\u0142o wp\u0142yw na wewn\u0119trzne postawy?<br \/>\n<\/strong>\u2013 Wolno\u015b\u0107 \u015bw. Franciszka. Jego droga powo\u0142ania sk\u0142ada si\u0119 z radykalnych wybor\u00f3w, dokonywanych po to, aby unikn\u0105\u0107 letniego i przeci\u0119tnego \u017cycia. Ca\u0142e jego \u017cycie, od ogo\u0142ocenia si\u0119 przed ojcem a\u017c do \u015bmierci, jest poszukiwaniem ewangelicznej autentyczno\u015bci. Franciszek pragnie \u017cy\u0107, a nie tylko egzystowa\u0107. Franciszek nie l\u0119ka si\u0119, si\u0142\u0105 nap\u0119dow\u0105 jego \u017cycia nie jest strach, ale mi\u0142o\u015b\u0107. Z tego wzgl\u0119du podejmuje ryzyko, kocha, daje siebie, przebacza i oddaje si\u0119. Jego droga jest procesem duchowego dojrzewania, bez ludzkich taktyk i strategii, lecz zawsze w szukaniu woli Bo\u017cej.<\/p>\n<p><strong>\u2013 <\/strong><strong>Do jakich franciszka\u0144skich \u015bwi\u0119tych Eminencja nawi\u0105zuje w swoim \u017cyciu duchowym? Co w nich poci\u0105ga? Co podziwia w ich przyk\u0142adnym \u017cyciu?<br \/>\n<\/strong>\u2013 \u015aw. Franciszek, \u015bw. Antoni, \u015bw. Klara, \u015bw. Bonawentura i \u015bw. Maksymilian Kolbe zawsze s\u0105 dla mnie wzorami. Pewnie mi powiecie, \u017ce nie jest to zbyt oryginalne\u2026 Ale ci \u015bwi\u0119ci uciele\u015bniaj\u0105 ci\u0105g\u0142o\u015b\u0107 charyzmatu franciszka\u0144skiego. Ojciec Kolbe zawsze mnie fascynowa\u0142 ze wzgl\u0119du na swoj\u0105 wolno\u015b\u0107 i swoj\u0105 odwag\u0119. W Auschwitz, w okrutnym i mrocznym \u015bwiecie, swoim wyborem oddania \u017cycia za drugiego cz\u0142owieka zapisuje \u015bwietlan\u0105 kart\u0119 w tym piekle obozu koncentracyjnego. \u201e\u015awiat\u0142o\u015b\u0107 w ciemno\u015bci \u015bwieci\u201d (J 1, 5).<\/p>\n<p><strong>\u2013 <\/strong><strong>Jak Ojciec Kardyna\u0142 oceni\u0142by swoj\u0105 pos\u0142ug\u0119 kap\u0142a\u0144sk\u0105 pe\u0142nion\u0105 w okresie przed obj\u0119ciem biskupstwa? Na czym polega pi\u0119kno misji kap\u0142ana? Czy na drodze powo\u0142ania pojawia\u0142y si\u0119 jakie\u015b rozczarowania b\u0105d\u017a zniech\u0119cenia? Jak w dzisiejszym \u015bwiecie, kt\u00f3ry wydaje si\u0119 coraz bardziej zatraca\u0107 chrze\u015bcija\u0144sk\u0105 to\u017csamo\u015b\u0107, przezwyci\u0119\u017cy\u0107 kryzys kap\u0142a\u0144stwa s\u0142u\u017cebnego?<br \/>\n<\/strong>\u2013 Dla mnie \u017cycie zakonne to \u017cycie! W naszym \u017cyciu s\u0105 chwile szcz\u0119\u015bliwe, za\u015b inne s\u0105 bardzo trudne, ale jest to normalne, bo nie jeste\u015bmy jeszcze w raju. Na mojej drodze jako zakonnika, kap\u0142ana i biskupa si\u0142\u0105 nap\u0119dow\u0105, kt\u00f3ra mnie o\u017cywia\u0142a, by\u0142 zawsze dar z siebie. W spo\u0142ecze\u0144stwie, w kt\u00f3rym \u0142atwo jest bra\u0107 i posiada\u0107, my wybieramy dawa\u0107 i dawa\u0107 siebie. Pokus\u0105, nawet dla zakonnik\u00f3w, jest znalezienie komfortowej przestrzeni, aby korzysta\u0107 z \u017cycia i mie\u0107 si\u0119 dobrze. Nasz wyb\u00f3r polega nie tyle na \u201emie\u0107 si\u0119 dobrze\u201d, ale na tym, by \u201eczyni\u0107 dobrze\u201d. Moim zdaniem, proroczy wymiar ma dzisiaj \u017cycie w tym odrywaniu si\u0119 od \u201esiebie\u201d, aby dochodzi\u0107 do dojrza\u0142o\u015bci w my\u015bleniu \u201emy\u201d.<br \/>\nKryzysy pojawiaj\u0105ce si\u0119 na \u015bwiecie i w Ko\u015bciele s\u0105 wyj\u0105tkowymi momentami, aby znale\u017a\u0107 nowe drogi w Bogu i w Jego stw\u00f3rczym Duchu. W skomplikowanym \u015bwiecie Franciszek daje odpowied\u017a swoim \u017cyciem. My cz\u0119sto narzekamy na trudno\u015bci i os\u0142abiamy nasz entuzjazm, zamiast szuka\u0107 ewangelicznych odpowiedzi na pragnienie Boga w naszym \u015bwiecie.<\/p>\n<p><strong>\u2013 <\/strong><strong>W swoim herbie biskupim Eminencja umie\u015bci\u0142 motto: <em>In ipso vita erat<\/em> \u2013 \u201eW Nim by\u0142o \u017cycie\u201d (J 1, 4), a na pami\u0105tkowym obrazku, wydanym z okazji konsekracji biskupiej, zdanie zaczerpni\u0119te z <em>Pism<\/em> \u015bw. Franciszka z Asy\u017cu: \u201eI niech bracia strzeg\u0105 si\u0119, by swym wygl\u0105dem nie robili wra\u017cenia smutnych i pos\u0119pnych ob\u0142udnik\u00f3w; lecz niech okazuj\u0105 si\u0119 radosnymi w Panu i pogodnymi, i <\/strong><strong>\u017c<\/strong><strong>yczliwymi\u201d (<em>Regu\u0142a niezatwierdzona<\/em>, VII, 16). W jakim wymiarze przytoczone tu s\u0142owa \u2013 \u017cycie w Panu, rado\u015b\u0107 w Panu \u2013 wyznaczaj\u0105 program duszpasterski i kierunek dzia\u0142a\u0144 ewangelizacyjnych w diecezji?<br \/>\n<\/strong>\u2013 S\u0142owa te nie s\u0105 jedynie wytworem zwyczaju typowego dla biskup\u00f3w. S\u0142owa te s\u0105 dla mnie \u017cyciem i moc\u0105. S\u0142owa te urzeczywistniaj\u0105 idea\u0142, za kt\u00f3rym nale\u017cy pod\u0105\u017ca\u0107, aby by\u0107 znacz\u0105cym w \u015bwiecie poszukuj\u0105cym egzystencjalnego kompasu. \u017bycie i rado\u015b\u0107 pobudzaj\u0105 do dzia\u0142ania z nadziej\u0105. \u015awiat obwieszcza wielorak\u0105 \u015bmier\u0107, kt\u00f3ra dotyczy przyrody, system\u00f3w politycznych i ekonomicznych, Ko\u015bcio\u0142a&#8230; Ale my narodzili\u015bmy si\u0119 z grobu Jezusa. Z miejsca \u015bmierci wznosi si\u0119 pie\u015b\u0144 \u017cycia: alleluja! Naszym powo\u0142aniem nie jest bycie naiwnymi, ale bycie prorokami nadziei. Wiara otwiera na nadziej\u0119. Kto wierzy, ma nadziej\u0119, kto ma nadziej\u0119, \u017cyje z rado\u015bci\u0105.<\/p>\n<p><strong>\u2013 <\/strong><strong>W jakich okoliczno\u015bciach Eminencja dowiedzia\u0142 si\u0119 o nominacji kardynalskiej? W jakim duchu przyj\u0105\u0142 wezwanie do podj\u0119cia tej nowej s\u0142u\u017cby w Ko\u015bciele dla dobra rodziny ludzkiej? Jakie my\u015bli towarzyszy\u0142y podczas konsystorza? Na ile charyzmat franciszka\u0144ski b\u0119dzie pomocny w sprawowaniu obowi\u0105zk\u00f3w kardynalskich?<br \/>\n<\/strong>\u2013 Jak powiedzia\u0142em, nominacja by\u0142a zaskoczeniem. W tym stanie \u017cycia chc\u0119 nadal s\u0142u\u017cy\u0107 Panu, kochaj\u0105c Ko\u015bci\u00f3\u0142. Kardyna\u0142 franciszkanin niesie ze sob\u0105 swoje duchowe dziedzictwo i do\u015bwiadczenie. Prze\u017cywaj\u0105c uroczysto\u015b\u0107 w dniu 30 wrze\u015bnia, czu\u0142em wielki spok\u00f3j i wewn\u0119trzne opanowanie. Da\u0142em si\u0119 ponie\u015b\u0107 s\u0142owom i gestom liturgii. W swej istocie, podobnie jak wiele innych obrz\u0119d\u00f3w liturgicznych, konsystorz by\u0142 dla mnie bogatym wydarzeniem. Ko\u015bci\u00f3\u0142 powo\u0142uje nowych kardyna\u0142\u00f3w nie dla osobistego presti\u017cu, ale dla dobra Ko\u015bcio\u0142a. Poprzez swoje \u017cycie franciszka\u0144ski kardyna\u0142 ofiaruje Ko\u015bcio\u0142owi wsp\u00f3\u0142prac\u0119 w naprawie tego, co z\u0142o czyni w \u015bwiecie, wychodz\u0105c od Ewangelii, kochaj\u0105c braci i \u017cyj\u0105c w ub\u00f3stwie i prostocie.<\/p>\n<p><strong>\u2013 <\/strong><strong>Jakie przes\u0142anie Ojciec Kardyna\u0142 chcia\u0142by przekaza\u0107 ca\u0142emu Zakonowi?<br \/>\n<\/strong>\u2013 Z prostot\u0105 powiedzia\u0142bym rodzinie franciszka\u0144skiej, aby szuka\u0142a nowych dr\u00f3g po to, by nie sprowadza\u0107 si\u0119 do popadania w bierno\u015b\u0107, wyra\u017caj\u0105c\u0105 si\u0119 w stylu, \u017ce \u201ezawsze tak si\u0119 robi\u0142o\u201d. Czasami w Ko\u015bciele jest du\u017co zarz\u0105dzania (kt\u00f3re jest konieczne), ale ma\u0142o wizji (kt\u00f3ra jest o wiele bardziej pilna). Nie zapominajmy o \u015bnie Franciszka w Spoleto i \u015bnie papie\u017ca o Franciszku podtrzymuj\u0105cym Ko\u015bci\u00f3\u0142. Zakon ma wspania\u0142e dziedzictwo ludzkie i duchowe, s\u0105 wyj\u0105tkowi ludzie. Przynie\u015bmy ziemi s\u00f3l, aby na nowo odkry\u0107 smak \u017cycia, rado\u015b\u0107 w \u017cyciu. \u015awiat jest spragniony Boga.<\/p>\n<p><strong>\u2013 <\/strong><strong>Bardzo dzi\u0119kuj\u0119 za udzielenie wywiadu. Z ca\u0142ego serca \u017cycz\u0119, aby nowo powierzona misja, nieustannie odnawiana moc\u0105 Ducha \u015awi\u0119tego, wspierana wstawiennictwem Niepokalanej Dziewicy i naszego serafickiego ojca \u015bw. Franciszka, przynosi\u0142a obfite owoce dla Ko\u015bcio\u0142a.<\/strong><\/p>\n<p style=\"text-align: right;\">Rzym, klasztor \u015bwi\u0119tych Dwunastu Aposto\u0142\u00f3w, 3 pa\u017adziernika 2023 r.<br \/>\nRozmawia\u0142 o. S\u0142awomir Gajda OFMConv<\/p>\n<hr>\n<p><strong>Kard. Fran\u00e7ois-Xavier Bustillo OFMConv<\/strong> urodzi\u0142 si\u0119 23 listopada 1968 r. w Pampelunie w Hiszpanii. Wst\u0105pi\u0142 do ni\u017cszego seminarium duchownego w Bazt\u00e1n (Nawarra), a nast\u0119pnie rozpocz\u0105\u0142 postulat w Zakonie Braci Mniejszych Konwentualnych w Padwie (W\u0142ochy), gdzie uko\u0144czy\u0142 studia filozoficzno-teologiczne w Instytucie Teologicznym \u015aw. Antoniego Doktora. W 1997 r. uzyska\u0142 licencjat z teologii w Instytucie Katolickim w Tuluzie we Francji. Profesj\u0119 czasow\u0105 z\u0142o\u017cy\u0142 12 wrze\u015bnia 1987 r., a profesj\u0119 wieczyst\u0105 20 wrze\u015bnia 1992 r. \u015awi\u0119cenia kap\u0142a\u0144skie przyj\u0105\u0142 10 wrze\u015bnia 1994 r. By\u0142 gwardianem klasztoru w Narbonie (2002-2018), proboszczem parafii \u015bw. Bonawentury w Narbonie (2002-2017), kustoszem prowincjalnym kustodii \u015bw. Bonawentury we Francji i Belgii (2006-2018), proboszczem <em>in solidum<\/em> jednostki duszpasterskiej \u015awi\u0119tego Krzy\u017ca w Narbonnais i cz\u0142onkiem rady biskupiej diecezji Carcassonne i Narbona (2007-2018), wikariuszem biskupim dla Narbonnais-Corbi\u00e8res, delegatem ds. nowych ruch\u00f3w duchowo\u015bci i dialogu mi\u0119dzyreligijnego (2012-2018). Od 2018 r. do nominacji na biskupa by\u0142 gwardianem klasztoru \u015bw. Maksymiliana Kolbego w Lourdes, delegatem biskupim ds. sanktuarium w Lourdes oraz delegatem ds. ochrony ma\u0142oletnich, a od 2020 r. cz\u0142onkiem rady biskupiej diecezji Tarbes i Lourdes. 11 maja 2021 r. papie\u017c Franciszek mianowa\u0142 go biskupem diecezji Ajaccio, a 13 czerwca 2021 r. przyj\u0105\u0142 sakr\u0119 biskupi\u0105 w katedrze NMP Wniebowzi\u0119tej w Ajaccio. Na motto biskupie wybra\u0142 s\u0142owa <em>In ipso vita erat<\/em> \u2013 \u201eW Nim by\u0142o \u017cycie\u201d (J 1, 4). 30 wrze\u015bnia 2023 r. papie\u017c Franciszek kreowa\u0142 go kardyna\u0142em i przydzieli\u0142 mu ko\u015bci\u00f3\u0142 tytularny \u015awi\u0119tej Maryi Niepokalanej z Lourdes w dzielnicy Boccea w Rzymie. 4 pa\u017adziernika 2023 r. zaliczy\u0142 go do grona cz\u0142onk\u00f3w Dykasterii ds. Duchowie\u0144stwa.<\/p>\n","protected":false},"excerpt":{"rendered":"<p>Wywiad z kard. Fran\u00e7ois-Xavier Bustillo OFMConv \u2013 Po modlitwie Anio\u0142 Pa\u0144ski w niedziel\u0119 9 lipca 2023 r. na placu \u015bw. Piotra w Watykanie papie\u017c Franciszek og\u0142osi\u0142 list\u0119 nowych kardyna\u0142\u00f3w, kt\u00f3rzy nast\u0119pnie zostali kreowani na konsystorzu w sobot\u0119 30 wrze\u015bnia 2023 r. W\u015br\u00f3d nominat\u00f3w jest franciszkanin, brat mniejszy konwentualny, biskup diecezji Ajaccio na Korsyce we Francji, [&hellip;]<\/p>\n","protected":false},"author":1,"featured_media":60782,"comment_status":"closed","ping_status":"open","sticky":false,"template":"","format":"standard","meta":{"ngg_post_thumbnail":0,"footnotes":""},"categories":[144,149],"tags":[2515],"class_list":["post-60788","post","type-post","status-publish","format-standard","has-post-thumbnail","category-ufficio-comunicazioni-pl","category-wiadomosci","tag-francois-xavier-bustillo-pl"],"_links":{"self":[{"href":"https:\/\/www.ofmconv.net\/pl\/wp-json\/wp\/v2\/posts\/60788","targetHints":{"allow":["GET"]}}],"collection":[{"href":"https:\/\/www.ofmconv.net\/pl\/wp-json\/wp\/v2\/posts"}],"about":[{"href":"https:\/\/www.ofmconv.net\/pl\/wp-json\/wp\/v2\/types\/post"}],"author":[{"embeddable":true,"href":"https:\/\/www.ofmconv.net\/pl\/wp-json\/wp\/v2\/users\/1"}],"replies":[{"embeddable":true,"href":"https:\/\/www.ofmconv.net\/pl\/wp-json\/wp\/v2\/comments?post=60788"}],"version-history":[{"count":0,"href":"https:\/\/www.ofmconv.net\/pl\/wp-json\/wp\/v2\/posts\/60788\/revisions"}],"wp:featuredmedia":[{"embeddable":true,"href":"https:\/\/www.ofmconv.net\/pl\/wp-json\/wp\/v2\/media\/60782"}],"wp:attachment":[{"href":"https:\/\/www.ofmconv.net\/pl\/wp-json\/wp\/v2\/media?parent=60788"}],"wp:term":[{"taxonomy":"category","embeddable":true,"href":"https:\/\/www.ofmconv.net\/pl\/wp-json\/wp\/v2\/categories?post=60788"},{"taxonomy":"post_tag","embeddable":true,"href":"https:\/\/www.ofmconv.net\/pl\/wp-json\/wp\/v2\/tags?post=60788"}],"curies":[{"name":"wp","href":"https:\/\/api.w.org\/{rel}","templated":true}]}}