{"id":60937,"date":"2023-11-08T13:02:28","date_gmt":"2023-11-08T12:02:28","guid":{"rendered":"https:\/\/ofmconv.net\/sicilia-calabria-professione-solenne\/"},"modified":"2023-11-08T13:05:49","modified_gmt":"2023-11-08T12:05:49","slug":"sicilia-calabria-professione-solenne","status":"publish","type":"post","link":"https:\/\/www.ofmconv.net\/pl\/sicilia-calabria-professione-solenne\/","title":{"rendered":"Sycylia-Kalabria: profesja solemna"},"content":{"rendered":"<p><strong>28 pa\u017adziernika 2023 r. fr. Carmelo MARIA z\u0142o\u017cy\u0142 profesj\u0119 wieczyst\u0105 na r\u0119ce ministra prowincjalnego prowincji \u015bwi\u0119tych Agaty i \u0141ucji we W\u0142oszech (Sycylia-Kalabria) fr. Gaspare LA BARBERA. Uroczysto\u015b\u0107 mia\u0142a miejsce w diecezjalnym sanktuarium Matki Bo\u017cej \u0141askawej w Montevago podczas Mszy \u015bw., na kt\u00f3r\u0105 przybyli miejscowe w\u0142adze cywilne i wojskowe oraz liczni wierni z Montevago, Santa Margherita di Belice, Sambuca i Palermo, rodzinnego miasta neoprofesa.<\/strong><\/p>\n<p>Profesja wieczysta jest definitywnym zobowi\u0105zaniem si\u0119 do na\u015bladowania Chrystusa w pos\u0142usze\u0144stwie, ub\u00f3stwie i czysto\u015bci wed\u0142ug Regu\u0142y braci mniejszych, na wz\u00f3r Maryi Niepokalanej, za wstawiennictwem \u015bw. Franciszka, co realizuje si\u0119 w kontek\u015bcie \u017cycia braterskiego we wsp\u00f3lnocie. I w\u0142a\u015bnie wsp\u00f3lnota franciszka\u0144ska mocno zaznaczy\u0142a swoj\u0105 obecno\u015b\u0107 i otwarto\u015b\u0107 podczas ca\u0142ej uroczysto\u015bci: by\u0142o wielu braci z klasztor\u00f3w z Sycylii, Kalabrii i Asy\u017cu; braci, kt\u00f3rzy swoim gor\u0105cym i wzruszaj\u0105cym przyj\u0119ciem przypiecz\u0119towali definitywn\u0105 przynale\u017cno\u015b\u0107 fr. Carmelo MARIA do Zakonu Braci Mniejszych Konwentualnych.<br \/>\nWszystko to nast\u0105pi\u0142o po procesie rozpocz\u0119tym w 2018 r. od prepostulatu w Montevago i po poszczeg\u00f3lnych etapach formacji i nowicjatu, jak zaznaczy\u0142 nowy profes wieczysty na zako\u0144czenie uroczysto\u015bci. Przy tej okazji na pierwszym miejscu podzi\u0119kowa\u0142 Panu Bogu, kt\u00f3ry w swoim niesko\u0144czonym mi\u0142osierdziu powo\u0142a\u0142 go do swojej s\u0142u\u017cby. Wyrazi\u0142 wdzi\u0119czno\u015b\u0107 rodzinie i wsp\u00f3\u0142braciom zakonnym, a zw\u0142aszcza ministrowi prowincjalnemu. Wspomnia\u0142 o konfraterni Maryi Niepokalanej przy bazylice \u015bw. Franciszka z Asy\u017cu w Palermo, do kt\u00f3rej nale\u017ca\u0142 od dzieci\u0144stwa. Wymieni\u0142 ch\u00f3r, o kt\u00f3ry troszczy\u0142 si\u0119 przez lata i kt\u00f3ry animowa\u0142 liturgi\u0119 eucharystyczn\u0105, jak r\u00f3wnie\u017c bractwo \u201eChiostro aperto\u201d, z kt\u00f3rym codziennie dzieli\u0142 si\u0119 projektem ewangelizacji, a tak\u017ce wszystkich, kt\u00f3rzy pomagali mu i towarzyszyli na drodze powo\u0142ania. Na odwrocie obrazka upami\u0119tniaj\u0105cego profesj\u0119 czytamy fragment Psalmu 27: \u201eO jedno prosz\u0119 Pana, tego poszukuj\u0119: bym w domu Pa\u0144skim przebywa\u0142 po wszystkie dni mego \u017cycia\u201d. \u017byczeniem skierowanym do neoprofesa jest, aby te s\u0142owa wype\u0142ni\u0142y si\u0119 w jego \u017cyciu i w \u017cyciu nas wszystkich, kt\u00f3rzy z wiar\u0105 i wzruszeniem byli\u015bmy \u015bwiadkami uroczysto\u015bci o wielkiej warto\u015bci duchowej.<\/p>\n<p style=\"text-align: right;\">Liria GIACCONE<\/p>\nngg_shortcode_0_placeholder\n","protected":false},"excerpt":{"rendered":"<p>28 pa\u017adziernika 2023 r. fr. Carmelo MARIA z\u0142o\u017cy\u0142 profesj\u0119 wieczyst\u0105 na r\u0119ce ministra prowincjalnego prowincji \u015bwi\u0119tych Agaty i \u0141ucji we W\u0142oszech (Sycylia-Kalabria) fr. Gaspare LA BARBERA. Uroczysto\u015b\u0107 mia\u0142a miejsce w diecezjalnym sanktuarium Matki Bo\u017cej \u0141askawej w Montevago podczas Mszy \u015bw., na kt\u00f3r\u0105 przybyli miejscowe w\u0142adze cywilne i wojskowe oraz liczni wierni z Montevago, Santa Margherita [&hellip;]<\/p>\n","protected":false},"author":1,"featured_media":60933,"comment_status":"closed","ping_status":"open","sticky":false,"template":"","format":"standard","meta":{"ngg_post_thumbnail":0,"footnotes":""},"categories":[131,118,149],"tags":[1195,1823,1916],"class_list":["post-60937","post","type-post","status-publish","format-standard","has-post-thumbnail","category-federacje","category-fimp-pl","category-wiadomosci","tag-sluby-wieczyste","tag-wlochy-kalabria","tag-wlochy-sycylia"],"_links":{"self":[{"href":"https:\/\/www.ofmconv.net\/pl\/wp-json\/wp\/v2\/posts\/60937","targetHints":{"allow":["GET"]}}],"collection":[{"href":"https:\/\/www.ofmconv.net\/pl\/wp-json\/wp\/v2\/posts"}],"about":[{"href":"https:\/\/www.ofmconv.net\/pl\/wp-json\/wp\/v2\/types\/post"}],"author":[{"embeddable":true,"href":"https:\/\/www.ofmconv.net\/pl\/wp-json\/wp\/v2\/users\/1"}],"replies":[{"embeddable":true,"href":"https:\/\/www.ofmconv.net\/pl\/wp-json\/wp\/v2\/comments?post=60937"}],"version-history":[{"count":0,"href":"https:\/\/www.ofmconv.net\/pl\/wp-json\/wp\/v2\/posts\/60937\/revisions"}],"wp:featuredmedia":[{"embeddable":true,"href":"https:\/\/www.ofmconv.net\/pl\/wp-json\/wp\/v2\/media\/60933"}],"wp:attachment":[{"href":"https:\/\/www.ofmconv.net\/pl\/wp-json\/wp\/v2\/media?parent=60937"}],"wp:term":[{"taxonomy":"category","embeddable":true,"href":"https:\/\/www.ofmconv.net\/pl\/wp-json\/wp\/v2\/categories?post=60937"},{"taxonomy":"post_tag","embeddable":true,"href":"https:\/\/www.ofmconv.net\/pl\/wp-json\/wp\/v2\/tags?post=60937"}],"curies":[{"name":"wp","href":"https:\/\/api.w.org\/{rel}","templated":true}]}}