{"id":61254,"date":"2023-11-17T13:02:20","date_gmt":"2023-11-17T12:02:20","guid":{"rendered":"https:\/\/ofmconv.net\/argentina-uruguay-capitolo-provinciale-ordinario-parte-ii\/"},"modified":"2023-11-17T13:17:23","modified_gmt":"2023-11-17T12:17:23","slug":"argentina-uruguay-capitolo-provinciale-ordinario-parte-ii","status":"publish","type":"post","link":"https:\/\/www.ofmconv.net\/pl\/argentina-uruguay-capitolo-provinciale-ordinario-parte-ii\/","title":{"rendered":"Argentyna-Urugwaj: kapitu\u0142a prowincjalna zwyczajna \u2013 cz\u0119\u015b\u0107\u00a0II"},"content":{"rendered":"<p><strong>W domu rekolekcyjnym \u201eEl Cen\u00e1culo\u201d w Pilar (Buenos Aires) odby\u0142a si\u0119 w dniach 13-16 listopada 2023 r. druga cz\u0119\u015b\u0107 10. kapitu\u0142y zwyczajnej prowincji \u201eRioplatense\u201d \u015bw. Antoniego z Padwy w Argentynie i Urugwaju.<\/strong><\/p>\n<p>Obradom przewodniczy\u0142 minister prowincjalny fr. Javier FONTANA (druga kadencja). Obecny by\u0142 asystent generalny FALC (Federaci\u00f3n Am\u00e9rica Latina Conventuales) fr. Rog\u00e9rio PEREIRA XAVIER. Kapitu\u0142a zatwierdzi\u0142a czteroletni plan prowincji <em>Upodabnia\u0107 si\u0119 do Ewangelii, aby by\u0107 wsp\u00f3lnot\u0105 bratersk\u0105<\/em>, kt\u00f3ry b\u0119dzie realizowany w latach 2023-2027. Wybra\u0142a tak\u017ce gwardian\u00f3w sze\u015bciu klasztor\u00f3w prowincji, ekonoma i poborc\u0119 oraz wychowawc\u0119 aspirant\u00f3w.<br \/>\nBy\u0142a to dobra okazja do wsp\u00f3lnej modlitwy, podzielenia si\u0119 opiniami i braterskiego rozeznania, a zarazem wsp\u00f3lnego spojrzenia na przysz\u0142o\u015b\u0107 jurysdykcji, wychodz\u0105c od zasob\u00f3w ludzkich i charyzmatycznych w konkretnej rzeczywisto\u015bci, w jakiej \u017cyj\u0105 wsp\u00f3\u0142bracia. Z wdzi\u0119cznym i pe\u0142nym nadziei sercem prowincja pod\u0105\u017ca dalej swoj\u0105 drog\u0105, ufaj\u0105c we wstawiennictwo brata Franciszka i w mi\u0142osierdzie Ojca.<\/p>\n<p style=\"text-align: right;\">Fr. Lindor Alcides TOFFUL Segretario del Capitolo<\/p>\nngg_shortcode_0_placeholder\n","protected":false},"excerpt":{"rendered":"<p>W domu rekolekcyjnym \u201eEl Cen\u00e1culo\u201d w Pilar (Buenos Aires) odby\u0142a si\u0119 w dniach 13-16 listopada 2023 r. druga cz\u0119\u015b\u0107 10. kapitu\u0142y zwyczajnej prowincji \u201eRioplatense\u201d \u015bw. Antoniego z Padwy w Argentynie i Urugwaju. Obradom przewodniczy\u0142 minister prowincjalny fr. Javier FONTANA (druga kadencja). Obecny by\u0142 asystent generalny FALC (Federaci\u00f3n Am\u00e9rica Latina Conventuales) fr. Rog\u00e9rio PEREIRA XAVIER. Kapitu\u0142a [&hellip;]<\/p>\n","protected":false},"author":1,"featured_media":61250,"comment_status":"closed","ping_status":"open","sticky":false,"template":"","format":"standard","meta":{"ngg_post_thumbnail":0,"footnotes":""},"categories":[108,131,149],"tags":[1055,193],"class_list":["post-61254","post","type-post","status-publish","format-standard","has-post-thumbnail","category-falc-pl","category-federacje","category-wiadomosci","tag-argentyna-urugwaj","tag-kapitula"],"_links":{"self":[{"href":"https:\/\/www.ofmconv.net\/pl\/wp-json\/wp\/v2\/posts\/61254","targetHints":{"allow":["GET"]}}],"collection":[{"href":"https:\/\/www.ofmconv.net\/pl\/wp-json\/wp\/v2\/posts"}],"about":[{"href":"https:\/\/www.ofmconv.net\/pl\/wp-json\/wp\/v2\/types\/post"}],"author":[{"embeddable":true,"href":"https:\/\/www.ofmconv.net\/pl\/wp-json\/wp\/v2\/users\/1"}],"replies":[{"embeddable":true,"href":"https:\/\/www.ofmconv.net\/pl\/wp-json\/wp\/v2\/comments?post=61254"}],"version-history":[{"count":0,"href":"https:\/\/www.ofmconv.net\/pl\/wp-json\/wp\/v2\/posts\/61254\/revisions"}],"wp:featuredmedia":[{"embeddable":true,"href":"https:\/\/www.ofmconv.net\/pl\/wp-json\/wp\/v2\/media\/61250"}],"wp:attachment":[{"href":"https:\/\/www.ofmconv.net\/pl\/wp-json\/wp\/v2\/media?parent=61254"}],"wp:term":[{"taxonomy":"category","embeddable":true,"href":"https:\/\/www.ofmconv.net\/pl\/wp-json\/wp\/v2\/categories?post=61254"},{"taxonomy":"post_tag","embeddable":true,"href":"https:\/\/www.ofmconv.net\/pl\/wp-json\/wp\/v2\/tags?post=61254"}],"curies":[{"name":"wp","href":"https:\/\/api.w.org\/{rel}","templated":true}]}}