{"id":62505,"date":"2023-12-13T12:49:59","date_gmt":"2023-12-13T11:49:59","guid":{"rendered":"https:\/\/ofmconv.net\/roma-incontro-dei-missionari-italiani-alla-farnesina-ambasciatori-di-pace-nel-mondo\/"},"modified":"2023-12-13T12:53:23","modified_gmt":"2023-12-13T11:53:23","slug":"roma-incontro-dei-missionari-italiani-alla-farnesina-ambasciatori-di-pace-nel-mondo","status":"publish","type":"post","link":"https:\/\/www.ofmconv.net\/pl\/roma-incontro-dei-missionari-italiani-alla-farnesina-ambasciatori-di-pace-nel-mondo\/","title":{"rendered":"Rzym: spotkanie w\u0142oskich misjonarzy, ambasador\u00f3w pokoju na \u015bwiecie"},"content":{"rendered":"<p><strong>W czwartek 7 grudnia 2023 r. z inicjatywy ministra spraw zagranicznych i wicepremiera Antonio TAJANI odby\u0142o si\u0119 w ministerstwie spraw zagranicznych historyczne spotkanie w\u0142oskich misjonarzy i misjonarek. Na zaproszenie ministerstwa w spotkaniu uczestniczy\u0142o centrum misyjne FIMP (Federazione Intermediterranea Ministri Provinciali), kt\u00f3re reprezentowa\u0142o franciszkan\u00f3w.<\/strong><\/p>\n<p>Spotkanie koncentrowa\u0142o si\u0119 wok\u00f3\u0142 istotnego tematu <em>Osoba w centrum<\/em> i skupi\u0142o si\u0119 na \u015bwiadectwach r\u00f3\u017cnych misjonarzy reprezentuj\u0105cych m\u0119skie i \u017ce\u0144skie stowarzyszenia i zakony: salezjan\u00f3w, jezuit\u00f3w, franciszkan\u00f3w, kombonian\u00f3w, skalabrynian\u00f3w, kamilian\u00f3w, Papieski Instytut Misji Zagranicznych itd. W ci\u0105gu dnia \u0142\u0105czyli si\u0119 za pomoc\u0105 wideokonferencji misjonarze z Mongolii, Kenii, Kamerunu, Beninu i Kongo.<br \/>\nSpotkanie rozpocz\u0119\u0142o si\u0119 przes\u0142aniem papie\u017ca Franciszka, kt\u00f3ry podzi\u0119kowa\u0142 ministerstwu spraw zagranicznych i \u201ewszystkim misjonarzom, kt\u00f3rzy postanowili po\u015bwi\u0119ci\u0107 swoje \u017cycie Chrystusowi w szczeg\u00f3lnej s\u0142u\u017cbie najubo\u017cszym i najbardziej potrzebuj\u0105cym braciom i siostrom\u201d.<br \/>\nNast\u0119pnie przem\u00f3wienie wyg\u0142osi\u0142 minister spraw zagranicznych TAJANI, kt\u00f3ry podkre\u015bli\u0142, \u017ce \u201emisjonarze i misjonarki s\u0105 naszymi ambasadorami pokoju na \u015bwiecie, maj\u0105 wizj\u0119, kt\u00f3ra nie jest czysto immanentna, ale transcendentna, pracuj\u0105 w najbardziej zr\u00f3\u017cnicowanych i trudnych kontekstach \u015bwiata. Musimy by\u0107 wdzi\u0119czni wam wszystkim i wiemy, \u017ce tak wielu kap\u0142an\u00f3w i si\u00f3str zakonnych jest zabijanych tylko dlatego, bo s\u0105 chrze\u015bcijanami. W\u0142oscy misjonarze reprezentuj\u0105 nasz kraj, s\u0105 nosicielami j\u0119zyka i polityki zagranicznej rozumianej jako s\u0142u\u017cba, a nie sprawowanie w\u0142adzy\u201d. Ponadto minister zapowiedzia\u0142, \u017ce zwr\u00f3ci si\u0119 do 128 w\u0142oskich ambasad i 80 konsulat\u00f3w, aby ich drzwi pozosta\u0142y otwarte na liczne potrzeby misjonarzy.<br \/>\n\u201eMinister spraw zagranicznych\u201d Stolicy Apostolskiej abp Paul Richard GALLAGHER podkre\u015bli\u0142, \u017ce misjonarze staj\u0105 si\u0119 sobie bliscy \u201ew nadziei, \u017ce z ma\u0142ych gest\u00f3w mo\u017ce narodzi\u0107 si\u0119 co\u015b jeszcze wi\u0119kszego, pracuj\u0105c w braterstwie i promuj\u0105c sprawiedliwo\u015b\u0107\u201d.<br \/>\nPodczas trzech sesji tematycznych po\u015bwi\u0119conych wy\u017cywieniu i rolnictwu, edukacji i szkoleniu zawodowemu oraz duszpasterstwu wi\u0119ziennemu i duszpasterstwu dzieci, g\u0142os zabrali: bp Domenico POMPILI z Werony, o. Giulio ALBANESE, kombonianin, i Marco IMPAGLIAZZO, przewodnicz\u0105cy Wsp\u00f3lnoty \u015aw. Idziego. M\u00f3wcy zauwa\u017cyli, \u017ce w latach 80. by\u0142o 20 tys. misjonarzy, a obecnie ich liczba spad\u0142a do 6 tys., z czego 300 to <em>fidei donum<\/em>. Sekretarz generalny Papieskiej Unii Misyjnej fr. Dinh Anh Nhue NGUY\u1ec4N OFMConv zilustrowa\u0142 dzia\u0142alno\u015b\u0107 unii, kt\u00f3ra priorytetowo traktuje przygotowanie animator\u00f3w misyjnych w diecezjach \u015bwiata, a tak\u017ce om\u00f3wi\u0142 rol\u0119 Agencji Fides i Papieskiego Dzie\u0142a Misyjnego Dzieci.<br \/>\nDyrektor centrum misyjnego fr. Paolo FIASCONARO opowiedzia\u0142 mediom (RAI i TV2000) o rozwoju misji franciszka\u0144skich w 40 krajach na ca\u0142ym \u015bwiecie. Pod\u0105\u017caj\u0105c za zach\u0119t\u0105 Biedaczyny, \u201ebracia id\u0105 przez \u015bwiat i g\u0142osz\u0105 Ewangeli\u0119 w prostocie i rado\u015bci, w <em>minoritas<\/em> i braterstwie\u201d.<br \/>\nDzie\u0144 zako\u0144czy\u0142 si\u0119 wyst\u0105pieniami dyrektora jednostki kryzysowej w ministerstwie Nicoli MINASI, kt\u00f3ry zaznaczy\u0142, \u017ce misjonarze s\u0105 pierwszymi uprzywilejowanymi rozm\u00f3wcami jednostki kryzysowej, oraz sekretarza generalnego ministerstwa spraw zagranicznych Riccardo GUARIGLIA, kt\u00f3ry podzi\u0119kowa\u0142 w\u0142oskim misjonarzom na ca\u0142ym \u015bwiecie i zapowiedzia\u0142, \u017ce spotkania z misjonarzami b\u0119d\u0105 odbywa\u0107 si\u0119 co roku.<\/p>\n<p style=\"text-align: right;\">Fr. Paolo FIASCONARO, dyrektor franciszka\u0144skiego centrum misyjnego<\/p>\nngg_shortcode_0_placeholder\n","protected":false},"excerpt":{"rendered":"<p>W czwartek 7 grudnia 2023 r. z inicjatywy ministra spraw zagranicznych i wicepremiera Antonio TAJANI odby\u0142o si\u0119 w ministerstwie spraw zagranicznych historyczne spotkanie w\u0142oskich misjonarzy i misjonarek. Na zaproszenie ministerstwa w spotkaniu uczestniczy\u0142o centrum misyjne FIMP (Federazione Intermediterranea Ministri Provinciali), kt\u00f3re reprezentowa\u0142o franciszkan\u00f3w. Spotkanie koncentrowa\u0142o si\u0119 wok\u00f3\u0142 istotnego tematu Osoba w centrum i skupi\u0142o si\u0119 [&hellip;]<\/p>\n","protected":false},"author":1,"featured_media":62501,"comment_status":"closed","ping_status":"open","sticky":false,"template":"","format":"standard","meta":{"ngg_post_thumbnail":0,"footnotes":""},"categories":[131,118,149],"tags":[815],"class_list":["post-62505","post","type-post","status-publish","format-standard","has-post-thumbnail","category-federacje","category-fimp-pl","category-wiadomosci","tag-centrum-misyjne"],"_links":{"self":[{"href":"https:\/\/www.ofmconv.net\/pl\/wp-json\/wp\/v2\/posts\/62505","targetHints":{"allow":["GET"]}}],"collection":[{"href":"https:\/\/www.ofmconv.net\/pl\/wp-json\/wp\/v2\/posts"}],"about":[{"href":"https:\/\/www.ofmconv.net\/pl\/wp-json\/wp\/v2\/types\/post"}],"author":[{"embeddable":true,"href":"https:\/\/www.ofmconv.net\/pl\/wp-json\/wp\/v2\/users\/1"}],"replies":[{"embeddable":true,"href":"https:\/\/www.ofmconv.net\/pl\/wp-json\/wp\/v2\/comments?post=62505"}],"version-history":[{"count":0,"href":"https:\/\/www.ofmconv.net\/pl\/wp-json\/wp\/v2\/posts\/62505\/revisions"}],"wp:featuredmedia":[{"embeddable":true,"href":"https:\/\/www.ofmconv.net\/pl\/wp-json\/wp\/v2\/media\/62501"}],"wp:attachment":[{"href":"https:\/\/www.ofmconv.net\/pl\/wp-json\/wp\/v2\/media?parent=62505"}],"wp:term":[{"taxonomy":"category","embeddable":true,"href":"https:\/\/www.ofmconv.net\/pl\/wp-json\/wp\/v2\/categories?post=62505"},{"taxonomy":"post_tag","embeddable":true,"href":"https:\/\/www.ofmconv.net\/pl\/wp-json\/wp\/v2\/tags?post=62505"}],"curies":[{"name":"wp","href":"https:\/\/api.w.org\/{rel}","templated":true}]}}