{"id":62690,"date":"2023-12-18T14:17:28","date_gmt":"2023-12-18T13:17:28","guid":{"rendered":"https:\/\/ofmconv.net\/roma-novena-dellimmacolata-alla-basilica-santi-xii-apostoli\/"},"modified":"2023-12-18T14:21:04","modified_gmt":"2023-12-18T13:21:04","slug":"roma-novena-dellimmacolata-alla-basilica-santi-xii-apostoli","status":"publish","type":"post","link":"https:\/\/www.ofmconv.net\/pl\/roma-novena-dellimmacolata-alla-basilica-santi-xii-apostoli\/","title":{"rendered":"Rzym: nowenna do Niepokalanej w\u00a0bazylice \u015bwi\u0119tych Dwunastu Aposto\u0142\u00f3w"},"content":{"rendered":"<p><strong>Pocz\u0105tki tradycyjnej nowenny ku czci Niepokalanej Dziewicy si\u0119gaj\u0105 czas\u00f3w papie\u017ca Sykstusa IV (1471-1484). Konstytucj\u0105 apostolsk\u0105 <em>Cum praecelsa<\/em> z 27 lutego 1476 r. zatwierdzi\u0142 on \u015bwi\u0119to Niepokalanego Pocz\u0119cia (8 grudnia) w Ko\u015bciele powszechnym oraz w\u0142asne oficjum i Msz\u0119, nadaj\u0105c te same odpusty, kt\u00f3re udzielane s\u0105 na uroczysto\u015b\u0107 Bo\u017cego Cia\u0142a.<\/strong><\/p>\n<p>W tym roku, podobnie jak w latach poprzednich, w bazylice \u015bwi\u0119tych Dwunastu Aposto\u0142\u00f3w uroczy\u015bcie i zgodnie z tradycj\u0105 obchodzono nowenn\u0119 ku czci Niepokalanego Pocz\u0119cia NMP, Patronki Zakonu Braci Mniejszych Konwentualnych.<br \/>\nProgram obchod\u00f3w od 29 listopada do 7 grudnia 2023 r. by\u0142 nast\u0119puj\u0105cy: o godz. 17.45 \u2013 r\u00f3\u017caniec i \u015bpiew litanii maryjnej, o godz. 18.30 \u2013 Msza \u015bw. pod przewodnictwem kardyna\u0142a, a na jej zako\u0144czenie ch\u00f3r pod dyrekcj\u0105 fr. Roberto CALLEJA wykonywa\u0142 pie\u015b\u0144 <em>Tota pulchra<\/em> skomponowan\u0105 przez fr. Alessandro BORRONI OFMConv (1820-1896).<br \/>\nLiturgiom przewodniczyli kolejno nast\u0119puj\u0105cy kardyna\u0142owie: DE AVIZ, STELLA, TOLENTINO DE MENDON\u00c7A, LADARIA FERRER, GAMBETTI, GUGEROTTI, ROCHE, DE DONATIS, RAVASI.<br \/>\nNa zako\u0144czenie nowenny, 8 grudnia, celebracji eucharystycznej przewodniczy\u0142 kard. Giovanni Battista RE, dziekan kolegium kardynalskiego, a obecni byli ambasadorowie akredytowani przy Stolicy Apostolskiej. Wok\u00f3\u0142 figury \u015bw. Franciszka z Asy\u017cu umieszczono flagi reprezentowanych przez nich pa\u0144stw jako \u015bwiadectwo zaanga\u017cowania na rzecz zgody mi\u0119dzy narodami. Po liturgii odby\u0142a si\u0119 braterska agapa w sali Niepokalanej.<br \/>\nPodczas obchod\u00f3w nowenny, 1 grudnia, mia\u0142a miejsce prezentacja wczesnochrze\u015bcija\u0144skiego o\u0142tarza w bazylice i inauguracja strefy archeologicznej na dziedzi\u0144cu klasztornym. Z kolei 5 grudnia zaprezentowano trzeci tom <em>\u0179r\u00f3de\u0142 kolbia\u0144skich<\/em> (Edizioni Messaggero Padova 2023) pod redakcj\u0105 naszych wsp\u00f3\u0142braci: fr. Raffaele DI MURO, fr. Emila KUMKI, fr. Tomasza SZYMCZAKA, fr. Romana WADACHA i fr. Cristoforo ZAMBELLI. Wolumin zamyka trylogi\u0119, udost\u0119pniaj\u0105c czytelnikom nowo\u015b\u0107 w panoramie dzie\u0142 o. Kolbego: konferencje g\u0142oszone podczas jego misji apostolskiej oraz \u015bwiadectwa z procesu beatyfikacyjnego i kanonizacyjnego. I jeszcze jedno wydarzenie towarzysz\u0105ce nowennie: 6 grudnia odby\u0142 si\u0119 koncert muzyki sakralnej \u201eChorus Novus\u201d pod dyrekcj\u0105 Roberto MURRA.<br \/>\nW nowennie brali udzia\u0142 wsp\u00f3\u0142bracia z rzymskich dom\u00f3w generalskich. S\u0142u\u017cb\u0119 liturgiczn\u0105 pe\u0142nili nasi klerycy z Seraphicum pod kierunkiem mistrza ceremonii fr. Raimundo Valdo NOGUEIRA.<br \/>\nW uroczysto\u015b\u0107 Niepokalanego Pocz\u0119cia, 8 grudnia, fr. Francesco CELESTINO, gwardian klasztoru i proboszcz bazyliki parafialnej \u015bwi\u0119tych Dwunastu Aposto\u0142\u00f3w, wraz z kilkoma zakonnikami i klerykami uda\u0142 si\u0119 na plac Hiszpa\u0144ski, gdzie, jak co roku, przyjmowa\u0142 wiernych, kt\u00f3rzy chcieli odda\u0107 ho\u0142d figurze Niepokalanej Dziewicy, stoj\u0105cej na kolumnie o wysoko\u015bci prawie 12 metr\u00f3w (pos\u0105g zosta\u0142 zainaugurowany 8 grudnia 1857 r., trzy lata po og\u0142oszeniu dogmatu o Niepokalanym Pocz\u0119ciu NMP). Papie\u017c Franciszek przyby\u0142 tam po po\u0142udniu, sk\u0142adaj\u0105c kwiaty u st\u00f3p kolumny, odmawiaj\u0105c modlitw\u0119 do Maryi Niepokalanej i wzywaj\u0105c Jej wstawiennictwa o dar pokoju.<\/p>\n<p style=\"text-align: right;\">Fr. Mimmo CASTIGLIONE<\/p>\n<p><iframe loading=\"lazy\" title=\"NOVENA IMMACOLATA 2023 - Basilica Santi XII Apostoli\" width=\"696\" height=\"392\" src=\"https:\/\/www.youtube.com\/embed\/hIEEDvCpOT4?wmode=transparent&amp;rel=0&amp;feature=oembed\" frameborder=\"0\" allow=\"accelerometer; autoplay; clipboard-write; encrypted-media; gyroscope; picture-in-picture; web-share\" referrerpolicy=\"strict-origin-when-cross-origin\" allowfullscreen><\/iframe><\/p>\n<p>&nbsp;<\/p>\nngg_shortcode_0_placeholder\n","protected":false},"excerpt":{"rendered":"<p>Pocz\u0105tki tradycyjnej nowenny ku czci Niepokalanej Dziewicy si\u0119gaj\u0105 czas\u00f3w papie\u017ca Sykstusa IV (1471-1484). Konstytucj\u0105 apostolsk\u0105 Cum praecelsa z 27 lutego 1476 r. zatwierdzi\u0142 on \u015bwi\u0119to Niepokalanego Pocz\u0119cia (8 grudnia) w Ko\u015bciele powszechnym oraz w\u0142asne oficjum i Msz\u0119, nadaj\u0105c te same odpusty, kt\u00f3re udzielane s\u0105 na uroczysto\u015b\u0107 Bo\u017cego Cia\u0142a. W tym roku, podobnie jak w latach [&hellip;]<\/p>\n","protected":false},"author":1,"featured_media":62686,"comment_status":"closed","ping_status":"open","sticky":false,"template":"","format":"standard","meta":{"ngg_post_thumbnail":0,"footnotes":""},"categories":[144,149],"tags":[873,1355],"class_list":["post-62690","post","type-post","status-publish","format-standard","has-post-thumbnail","category-ufficio-comunicazioni-pl","category-wiadomosci","tag-santi-xii-apostoli-pl","tag-swietych-xii-apostolow"],"_links":{"self":[{"href":"https:\/\/www.ofmconv.net\/pl\/wp-json\/wp\/v2\/posts\/62690","targetHints":{"allow":["GET"]}}],"collection":[{"href":"https:\/\/www.ofmconv.net\/pl\/wp-json\/wp\/v2\/posts"}],"about":[{"href":"https:\/\/www.ofmconv.net\/pl\/wp-json\/wp\/v2\/types\/post"}],"author":[{"embeddable":true,"href":"https:\/\/www.ofmconv.net\/pl\/wp-json\/wp\/v2\/users\/1"}],"replies":[{"embeddable":true,"href":"https:\/\/www.ofmconv.net\/pl\/wp-json\/wp\/v2\/comments?post=62690"}],"version-history":[{"count":0,"href":"https:\/\/www.ofmconv.net\/pl\/wp-json\/wp\/v2\/posts\/62690\/revisions"}],"wp:featuredmedia":[{"embeddable":true,"href":"https:\/\/www.ofmconv.net\/pl\/wp-json\/wp\/v2\/media\/62686"}],"wp:attachment":[{"href":"https:\/\/www.ofmconv.net\/pl\/wp-json\/wp\/v2\/media?parent=62690"}],"wp:term":[{"taxonomy":"category","embeddable":true,"href":"https:\/\/www.ofmconv.net\/pl\/wp-json\/wp\/v2\/categories?post=62690"},{"taxonomy":"post_tag","embeddable":true,"href":"https:\/\/www.ofmconv.net\/pl\/wp-json\/wp\/v2\/tags?post=62690"}],"curies":[{"name":"wp","href":"https:\/\/api.w.org\/{rel}","templated":true}]}}