{"id":62760,"date":"2023-12-20T13:24:20","date_gmt":"2023-12-20T12:24:20","guid":{"rendered":"https:\/\/ofmconv.net\/unificazione-sicilia-e-calabria-nuova-provincia-italiana-dellimmacolata-concezione\/"},"modified":"2023-12-20T13:29:59","modified_gmt":"2023-12-20T12:29:59","slug":"unificazione-sicilia-e-calabria-nuova-provincia-italiana-dellimmacolata-concezione","status":"publish","type":"post","link":"https:\/\/www.ofmconv.net\/pl\/unificazione-sicilia-e-calabria-nuova-provincia-italiana-dellimmacolata-concezione\/","title":{"rendered":"Po\u0142\u0105czenie Sycylii i\u00a0Kalabrii: nowa w\u0142oska prowincja Niepokalanego Pocz\u0119cia"},"content":{"rendered":"<p><strong><em>Opowie\u015b\u0107 o marzeniu, kt\u00f3re wci\u0105\u017c si\u0119 odnawia&nbsp;<\/em><\/strong><\/p>\n<p><strong>Oficjalne og\u0142oszenie po\u0142\u0105czenia prowincji \u015bwi\u0119tych Agaty i \u0141ucji we W\u0142oszech (Sycylia) oraz kustodii prowincjalnej \u015bwi\u0119tych Daniela i towarzyszy m\u0119czennik\u00f3w we W\u0142oszech (Kalabria) odby\u0142o si\u0119 13 grudnia 2023 r., w \u015bwi\u0119to \u015bw. \u0141ucji, w bazylice mniejszej \u015bw. Franciszka w Palermo. Nowa jurysdykcja przyj\u0119\u0142a kanoniczn\u0105 nazw\u0119: prowincja w\u0142oska Niepokalanego Pocz\u0119cia.<\/strong><\/p>\n<p>W tej donios\u0142ej uroczysto\u015bci uczestniczyli: minister generalny fr. Carlos A. TROVARELLI, prokurator generalny fr. Maurizio DI PAOLO, asystent generalny FIMP (Federazione Intermediterranea Ministri Provinciali) fr. Giovanni VOLTAN, minister prowincjalny prowincji w\u0142oskiej \u015bw. Antoniego Padewskiego (W\u0142ochy P\u00f3\u0142nocne) fr. Roberto BRANDINELLI, minister prowincjalny prowincji \u015bwi\u0119tych Miko\u0142aja i Anio\u0142a we W\u0142oszech (Apulia) fr. Daniele MAIORANO, delegat ministra prowincjalnego prowincji \u015bw. Paw\u0142a Aposto\u0142a na Malcie fr. Allister AQUILINA, ministrowie prowincjalni rodzin franciszka\u0144skich z Sycylii, minister Franciszka\u0144skiego Zakonu \u015awieckich na Sycylii, zakonnicy z nowo powsta\u0142ej prowincji z klasztor\u00f3w na Sycylii i Kalabrii, z Rzymu i Asy\u017cu, postulanci z W\u0142och po\u0142udniowych wraz z wychowawcami i liczni wierni.<br \/>\nBy\u0142y dwa najwa\u017cniejsze wydarzenia tego dnia. Pierwsze to wzruszaj\u0105cy moment modlitwy, rozpocz\u0119ty procesj\u0105, podczas kt\u00f3rej bracia nie\u015bli symboliczne znaki, jak kwiaty ofiarowane Niepokalanie Pocz\u0119tej, obraz z Regu\u0142\u0105 zakonn\u0105 i ikon\u0119 \u015bw. Franciszka, gdzie ka\u017cdy z\u0142o\u017cy\u0142 lampk\u0119 oliwn\u0105. Nast\u0119pnie minister prowincjalny nowej jurysdykcji fr. Gaspare LA BARBERA skierowa\u0142 do uczestnik\u00f3w kr\u00f3tkie przem\u00f3wienie powitalne, w kt\u00f3rym podkre\u015bli\u0142 znaczenie obecnego wydarzenia. Centralnym momentem by\u0142o og\u0142oszenie przez prokuratora generalnego dekretu wykonawczego o po\u0142\u0105czeniu dw\u00f3ch jurysdykcji i zmianie nazwy na \u201eprowincja w\u0142oska Niepokalanego Pocz\u0119cia\u201d. U st\u00f3p pos\u0105gu Niepokalanej minister generalny i minister prowincjalny w modlitwie zawierzenia oddali now\u0105 prowincj\u0119 pod opiek\u0119 Niepokalanej Dziewicy.<br \/>\nDrugim wydarzeniem by\u0142a Msza \u015bw. pod przewodnictwem ministra generalnego. W homilii zwr\u00f3ci\u0142 uwag\u0119 na trzy kwestie: znaczenie wracania pami\u0119ci\u0105 do \u015bwi\u0119tych patronalnych obu jurysdykcji, poniewa\u017c s\u0105 oni \u015bwiadkami, kt\u00f3rzy zach\u0119caj\u0105 nas, braci mniejszych konwentualnych, aby\u015bmy uczynili nasze \u017cycie wyznaniem wiary w dzisiejszych czasach; b\u0142ogos\u0142awie\u0144stwa jako projekt \u017cycia dla nowej prowincji (w odniesieniu do Ewangelii dnia), spos\u00f3b, w jaki mo\u017cemy nadawa\u0107 kszta\u0142t kr\u00f3lestwu niebieskiemu tu na ziemi; osiemset lat \u017cycia franciszka\u0144skiego, tak\u017ce na Sycylii, na kt\u00f3re sk\u0142adaj\u0105 si\u0119 wydarzenia chwalebne i czasy trudne, ale przecie\u017c dla Ewangelii ka\u017cdy czas jest czasem sprzyjaj\u0105cym dawaniu \u015bwiadectwa wierze i braterstwu. Na zako\u0144czenie homilii minister generalny przypomnia\u0142 braciom z Sycylii i Kalabrii, \u017ce \u201e\u015bwi\u0119tujemy nie tylko pocz\u0105tek nowej jurysdykcji, ale pragnienie \u017cycia projektem \u00abnowego \u017cycia\u00bb, ja\u015bniej\u0105cego tym \u015bwiat\u0142em, jakim by\u0142o \u017cycie \u015bw. \u0141ucji, autentycznego jak \u017cycie \u015bw. Daniela i jego towarzyszy m\u0119czennik\u00f3w, czystego jak Niepokalana\u201d.<br \/>\nWyb\u00f3r nowej nazwy kanonicznej prowincji ma swoje uzasadnienie w niezaprzeczalnym fakcie: silnej pobo\u017cno\u015bci maryjnej, z pewno\u015bci\u0105 wpisanej w charyzmat franciszka\u0144ski, ale wyra\u017anie obecnej na obu terytoriach z t\u0105 wra\u017cliwo\u015bci\u0105 ludow\u0105, i nie tylko, typow\u0105 dla po\u0142udniowych W\u0142och.<br \/>\n\u015awiadczy o tym obecno\u015b\u0107 w naszych ko\u015bcio\u0142ach kongregacji \u015bwieckich, bractw, stowarzysze\u0144 i ruch\u00f3w maryjnych, powsta\u0142ych w\u0142a\u015bnie po to, aby odczytywa\u0107 uczucia mi\u0142o\u015bci i pobo\u017cno\u015bci ludu oraz broni\u0107 przywileju Niepokalanego Pocz\u0119cia Maryi.<br \/>\nWraz z po\u0142\u0105czeniem prowincji jeste\u015bmy \u015bwiadomi, \u017ce piszemy now\u0105 kart\u0119 w naszej historii, nie zapominaj\u0105c o o\u015bmiu wiekach, przez kt\u00f3re przesz\u0142y obie jurysdykcje. Historia jest bowiem dla nas wyrazem marzenia przekazanego przez Franciszka z Asy\u017cu braciom, kt\u00f3rzy na przestrzeni dziej\u00f3w przyj\u0119li je i przekazali dalej.<br \/>\nWyzwanie, jakie stawia przed nami dzisiejszy \u015bwiat, z pewno\u015bci\u0105 zobowi\u0105zuje nas do spojrzenia na nasz\u0105 rzeczywisto\u015b\u0107, zach\u0119caj\u0105c do dokonywania w\u0142a\u015bciwych wybor\u00f3w, zdolnych do nieustannego przeformu\u0142owywania tego ewangelicznego marzenia-projektu o mo\u017cliwym braterstwie w Chrystusie.<br \/>\nJego realizacja mo\u017ce zatem nast\u0105pi\u0107 tylko wtedy, gdy potrafimy \u017cy\u0107 nim z tw\u00f3rcz\u0105 wierno\u015bci\u0105, odpowiadaj\u0105c na zapotrzebowanie o wiarygodno\u015b\u0107 wsp\u00f3lnoty braterskiej, kt\u00f3ra umie si\u0119 odnawia\u0107.<br \/>\nDlatego kapitu\u0142a generalna chcia\u0142a po\u0142\u0105czy\u0107 obie jurysdykcje, rozpoczynaj\u0105c w ten spos\u00f3b projekt zdolny do przekszta\u0142cenia naszych klasztor\u00f3w we wsp\u00f3lnoty braterskie, gdzie przeformu\u0142owuje si\u0119 liczby i poszerza granice.<br \/>\nW ten spos\u00f3b przyjmujemy dziedzictwo naszego Zakonu jako ci, kt\u00f3rzy wybieraj\u0105 Regu\u0142\u0119 brata Franciszka i staraj\u0105 si\u0119 przemierza\u0107 histori\u0119, \u017cyj\u0105c i uciele\u015bniaj\u0105c to marzenie, kt\u00f3re wci\u0105\u017c si\u0119 odnawia.<\/p>\n<p>Niech Pan, przez wstawiennictwo Niepokalanej Dziewicy, b\u0142ogos\u0142awi pocz\u0105tki nowej prowincji powierzonej Jej opiece i nape\u0142ni j\u0105 wszelkimi \u0142askami, aby ka\u017cdy zakonnik m\u00f3g\u0142 pod\u0105\u017ca\u0107 \u015bladami Chrystusa i serafickiego ojca \u015bw. Franciszka.<\/p>\n<p style=\"text-align: right;\">Fr. Rosario TERRANOVA, sekretarz prowincjalny<\/p>\nngg_shortcode_0_placeholder\n","protected":false},"excerpt":{"rendered":"<p>Opowie\u015b\u0107 o marzeniu, kt\u00f3re wci\u0105\u017c si\u0119 odnawia&nbsp; Oficjalne og\u0142oszenie po\u0142\u0105czenia prowincji \u015bwi\u0119tych Agaty i \u0141ucji we W\u0142oszech (Sycylia) oraz kustodii prowincjalnej \u015bwi\u0119tych Daniela i towarzyszy m\u0119czennik\u00f3w we W\u0142oszech (Kalabria) odby\u0142o si\u0119 13 grudnia 2023 r., w \u015bwi\u0119to \u015bw. \u0141ucji, w bazylice mniejszej \u015bw. Franciszka w Palermo. Nowa jurysdykcja przyj\u0119\u0142a kanoniczn\u0105 nazw\u0119: prowincja w\u0142oska Niepokalanego Pocz\u0119cia. [&hellip;]<\/p>\n","protected":false},"author":1,"featured_media":62756,"comment_status":"closed","ping_status":"open","sticky":false,"template":"","format":"standard","meta":{"ngg_post_thumbnail":0,"footnotes":""},"categories":[131,118,149],"tags":[1823,2572,1916],"class_list":["post-62760","post","type-post","status-publish","format-standard","has-post-thumbnail","category-federacje","category-fimp-pl","category-wiadomosci","tag-wlochy-kalabria","tag-wlochy-niepokalana","tag-wlochy-sycylia"],"_links":{"self":[{"href":"https:\/\/www.ofmconv.net\/pl\/wp-json\/wp\/v2\/posts\/62760","targetHints":{"allow":["GET"]}}],"collection":[{"href":"https:\/\/www.ofmconv.net\/pl\/wp-json\/wp\/v2\/posts"}],"about":[{"href":"https:\/\/www.ofmconv.net\/pl\/wp-json\/wp\/v2\/types\/post"}],"author":[{"embeddable":true,"href":"https:\/\/www.ofmconv.net\/pl\/wp-json\/wp\/v2\/users\/1"}],"replies":[{"embeddable":true,"href":"https:\/\/www.ofmconv.net\/pl\/wp-json\/wp\/v2\/comments?post=62760"}],"version-history":[{"count":0,"href":"https:\/\/www.ofmconv.net\/pl\/wp-json\/wp\/v2\/posts\/62760\/revisions"}],"wp:featuredmedia":[{"embeddable":true,"href":"https:\/\/www.ofmconv.net\/pl\/wp-json\/wp\/v2\/media\/62756"}],"wp:attachment":[{"href":"https:\/\/www.ofmconv.net\/pl\/wp-json\/wp\/v2\/media?parent=62760"}],"wp:term":[{"taxonomy":"category","embeddable":true,"href":"https:\/\/www.ofmconv.net\/pl\/wp-json\/wp\/v2\/categories?post=62760"},{"taxonomy":"post_tag","embeddable":true,"href":"https:\/\/www.ofmconv.net\/pl\/wp-json\/wp\/v2\/tags?post=62760"}],"curies":[{"name":"wp","href":"https:\/\/api.w.org\/{rel}","templated":true}]}}