{"id":63130,"date":"2024-01-10T13:30:00","date_gmt":"2024-01-10T12:30:00","guid":{"rendered":"https:\/\/ofmconv.net\/25-di-ordinazione-presbiterale-di-fra-giorgio-tassone\/"},"modified":"2024-01-10T13:33:38","modified_gmt":"2024-01-10T12:33:38","slug":"25-di-ordinazione-presbiterale-di-fra-giorgio-tassone","status":"publish","type":"post","link":"https:\/\/www.ofmconv.net\/pl\/25-di-ordinazione-presbiterale-di-fra-giorgio-tassone\/","title":{"rendered":"25. rocznica \u015bwi\u0119ce\u0144 kap\u0142a\u0144skich fr.\u00a0Giorgio TASSONE"},"content":{"rendered":"<p><strong>We wtorek 2 stycznia 2024 r. w ko\u015bciele parafialnym Matki Bo\u017cej R\u00f3\u017ca\u0144cowej w Palmi (Kalabria) obchodzono 25-lecie kap\u0142a\u0144stwa proboszcza fr. Giorgio TASSONE, kt\u00f3ry prowadzi parafi\u0119 od 16 lat i do sierpnia minionego roku by\u0142 ostatnim kustoszem zniesionej kustodii kalabryjskiej.<\/strong><\/p>\n<p>Liczne wsp\u00f3lnoty parafialne serdecznie powita\u0142y kard. Mauro GAMBETTI OFMConv, wikariusza generalnego Jego \u015awi\u0105tobliwo\u015bci dla Pa\u0144stwa Watyka\u0144skiego, kt\u00f3ry odprawi\u0142 Msz\u0119 \u015bw. Kardyna\u0142 podzi\u0119kowa\u0142 bp. Giuseppe ALBERTI, biskupowi diecezji Oppido Mamertina-Palmi, za powitanie i pozdrowi\u0142 wsp\u00f3\u0142braci z nowej prowincji w\u0142oskiej Niepokalanego Pocz\u0119cia (Sycylia-Kalabria) wraz z ministrem prowincjalnym fr. Gaspare LA BARBERA.<br \/>\nKard. GAMBETTI dzi\u0119kowa\u0142 Bogu za dar kap\u0142a\u0144stwa, kt\u00f3re fr. Giorgio TASSONE otrzyma\u0142 2 stycznia 1999 r. w ko\u015bciele \u015bw. Jana Therestis w Stilo, gdzie zosta\u0142 wy\u015bwi\u0119cony na kap\u0142ana przez na\u0142o\u017cenie r\u0105k bp. Giancarlo BREGANTINI. \u201eJubilat utrzymywa\u0142 wi\u0119zi z Amantea, z Catanzaro, a my zebrali\u015bmy si\u0119 tutaj w Palmi na tej uroczysto\u015bci \u00aburodzinowej\u00bb\u201d \u2013 powiedzia\u0142. Wi\u0119zi te by\u0142y widoczne podczas uroczysto\u015bci, na kt\u00f3r\u0105 przybyli liczni ksi\u0119\u017ca z Palmi i z diecezji, przyjaciele, a tak\u017ce burmistrz Palmi Giuseppe RANUCCIO, komendant regionalny karabinier\u00f3w z Reggio Calabria gen. Cesario TOTARO, genera\u0142 karabinier\u00f3w Raffaele FEDOCCI, pu\u0142kownik Gianluca MIGLIOZZI z Gioia Tauro i r\u00f3\u017cni przedstawiciele w\u0142adz cywilnych. Nie zabrak\u0142o r\u00f3wnie\u017c matki fr. Giorgio i innych cz\u0142onk\u00f3w rodziny.<br \/>\nKardyna\u0142 podzieli\u0142 si\u0119 z wiernymi fragmentem listu, kt\u00f3ry jubilat napisa\u0142 do niego, aby zaprosi\u0107 go na uroczysto\u015b\u0107: \u201eZ pewno\u015bci\u0105 nie by\u0142em w pe\u0142ni \u015bwiadomy tego, co ten dar dla mnie oznacza\u0142. Stopniowo, krok po kroku, zdawa\u0142em sobie spraw\u0119 z jego nieocenionej warto\u015bci, wykraczaj\u0105cej poza mnie samego, wobec innych\u201d. W dow\u00f3d wdzi\u0119czno\u015bci za szczeg\u00f3ln\u0105 obecno\u015b\u0107 fr. TASSONE podarowa\u0142 kard. GAMBETTI portret wykonany przez artyst\u0119 Antonino NUCIFORA z Palmi.<br \/>\nPo zako\u0144czeniu uroczysto\u015bci odby\u0142o si\u0119 w centrum nowej ewangelizacji im. Jana Paw\u0142a II przyj\u0119cie dla wsp\u00f3lnoty, kt\u00f3ra wraz z proboszczem i w imieniu swojego duchowego przewodnika wyrazi\u0142a swoj\u0105 rado\u015b\u0107 i wdzi\u0119czno\u015b\u0107.<\/p>\n<p style=\"text-align: right;\">Fr. Rosario TERRANOVA, sekretarz prowincji<\/p>\nngg_shortcode_0_placeholder\n","protected":false},"excerpt":{"rendered":"<p>We wtorek 2 stycznia 2024 r. w ko\u015bciele parafialnym Matki Bo\u017cej R\u00f3\u017ca\u0144cowej w Palmi (Kalabria) obchodzono 25-lecie kap\u0142a\u0144stwa proboszcza fr. Giorgio TASSONE, kt\u00f3ry prowadzi parafi\u0119 od 16 lat i do sierpnia minionego roku by\u0142 ostatnim kustoszem zniesionej kustodii kalabryjskiej. Liczne wsp\u00f3lnoty parafialne serdecznie powita\u0142y kard. Mauro GAMBETTI OFMConv, wikariusza generalnego Jego \u015awi\u0105tobliwo\u015bci dla Pa\u0144stwa Watyka\u0144skiego, [&hellip;]<\/p>\n","protected":false},"author":1,"featured_media":63126,"comment_status":"closed","ping_status":"open","sticky":false,"template":"","format":"standard","meta":{"ngg_post_thumbnail":0,"footnotes":""},"categories":[131,118,149],"tags":[2576,1511],"class_list":["post-63130","post","type-post","status-publish","format-standard","has-post-thumbnail","category-federacje","category-fimp-pl","category-wiadomosci","tag-fra-giorgio-tassone-pl","tag-wlochy-kialabria"],"_links":{"self":[{"href":"https:\/\/www.ofmconv.net\/pl\/wp-json\/wp\/v2\/posts\/63130","targetHints":{"allow":["GET"]}}],"collection":[{"href":"https:\/\/www.ofmconv.net\/pl\/wp-json\/wp\/v2\/posts"}],"about":[{"href":"https:\/\/www.ofmconv.net\/pl\/wp-json\/wp\/v2\/types\/post"}],"author":[{"embeddable":true,"href":"https:\/\/www.ofmconv.net\/pl\/wp-json\/wp\/v2\/users\/1"}],"replies":[{"embeddable":true,"href":"https:\/\/www.ofmconv.net\/pl\/wp-json\/wp\/v2\/comments?post=63130"}],"version-history":[{"count":0,"href":"https:\/\/www.ofmconv.net\/pl\/wp-json\/wp\/v2\/posts\/63130\/revisions"}],"wp:featuredmedia":[{"embeddable":true,"href":"https:\/\/www.ofmconv.net\/pl\/wp-json\/wp\/v2\/media\/63126"}],"wp:attachment":[{"href":"https:\/\/www.ofmconv.net\/pl\/wp-json\/wp\/v2\/media?parent=63130"}],"wp:term":[{"taxonomy":"category","embeddable":true,"href":"https:\/\/www.ofmconv.net\/pl\/wp-json\/wp\/v2\/categories?post=63130"},{"taxonomy":"post_tag","embeddable":true,"href":"https:\/\/www.ofmconv.net\/pl\/wp-json\/wp\/v2\/tags?post=63130"}],"curies":[{"name":"wp","href":"https:\/\/api.w.org\/{rel}","templated":true}]}}