{"id":64768,"date":"2024-02-28T13:02:04","date_gmt":"2024-02-28T12:02:04","guid":{"rendered":"https:\/\/ofmconv.net\/invito-per-tutti-i-frati-responsabili-della-pastorale-giovanile\/"},"modified":"2024-02-28T13:07:06","modified_gmt":"2024-02-28T12:07:06","slug":"invito-per-tutti-i-frati-responsabili-della-pastorale-giovanile","status":"publish","type":"post","link":"https:\/\/www.ofmconv.net\/pl\/invito-per-tutti-i-frati-responsabili-della-pastorale-giovanile\/","title":{"rendered":"Zaproszenie dla wszystkich wsp\u00f3\u0142braci odpowiedzialnych za\u00a0duszpasterstwo m\u0142odzie\u017cy"},"content":{"rendered":"<p><strong>Bracia,&nbsp;<\/strong><br \/>\n<strong>Komisja ds. organizacji mi\u0119dzynarodowego spotkania <em>Giovani verso Assisi <\/em>(lipiec-sierpie\u0144 2025 r.) zebra\u0142a si\u0119 26 lutego 2024 r. w Seraphicum.<\/strong><\/p>\n<p>Obrady rozpocz\u0119li\u015bmy od refleksji i przygotowania materia\u0142\u00f3w na wspomniane spotkanie. B\u0119dzie to okazja do wznowienia wi\u0119z\u00f3w mi\u0119dzy wsp\u00f3\u0142bra\u0107mi i m\u0142odzie\u017c\u0105 po pi\u0119knym do\u015bwiadczeniu \u015aDM 2023 w Lizbonie. B\u0119dziemy mieli \u0142ask\u0119 prze\u017cy\u0107 to nowe spotkanie w ramach wielkiego wydarzenia jubileuszowego \u201ePielgrzymi nadziei\u201d i na nowo podj\u0105\u0107 pragnienia i marzenia w klimacie zaufania i wsp\u00f3\u0142dzielenia si\u0119.<br \/>\nPotrzebujemy wk\u0142adu wszystkich wsp\u00f3\u0142braci, aby przedstawi\u0107 ciekawe propozycje zakorzenione w wierze, prze\u017cywane zgodnie z charyzmatem \u015bw. Franciszka i dostosowane do czas\u00f3w, w kt\u00f3rych si\u0119 znajdujemy.<br \/>\nUs\u0142yszymy si\u0119 podczas po\u0142\u0105czenia telefonicznego (<em>call<\/em>) 11 marca 2024 r. ze wszystkimi, kt\u00f3rzy zechc\u0105 wzi\u0105\u0107 udzia\u0142.<br \/>\nW zwi\u0105zku z tym spotkaniem prosimy o wype\u0142nienie <em>google form<\/em> do 6 marca 2024 r.:<\/p>\n<p><a href=\"https:\/\/docs.google.com\/forms\/d\/e\/1FAIpQLSelI3L3NhqNk44c7ql68UHb0VVxKZjaa8BMl5ToMmRei0azBQ\/viewform?vc=0&amp;c=0&amp;w=1&amp;flr=0\">https:\/\/docs.google.com\/forms\/d\/e\/1FAIpQLSelI3L3NhqNk44c7ql68UHb0VVxKZjaa8BMl5ToMmRei0azBQ\/viewform?vc=0&amp;c=0&amp;w=1&amp;flr=0<\/a>.<\/p>\n<p>Dzi\u0119kujemy wszystkim, kt\u00f3rzy b\u0119d\u0105 z nami wsp\u00f3\u0142pracowa\u0107 i wspiera\u0107 nas modlitw\u0105.<br \/>\nPok\u00f3j wam!<\/p>\n<p style=\"text-align: right;\">Komisja ds. organizacji mi\u0119dzynarodowego spotkania <em>Giovani verso Assisi<\/em><\/p>\n","protected":false},"excerpt":{"rendered":"<p>Bracia,&nbsp; Komisja ds. organizacji mi\u0119dzynarodowego spotkania Giovani verso Assisi (lipiec-sierpie\u0144 2025 r.) zebra\u0142a si\u0119 26 lutego 2024 r. w Seraphicum. Obrady rozpocz\u0119li\u015bmy od refleksji i przygotowania materia\u0142\u00f3w na wspomniane spotkanie. B\u0119dzie to okazja do wznowienia wi\u0119z\u00f3w mi\u0119dzy wsp\u00f3\u0142bra\u0107mi i m\u0142odzie\u017c\u0105 po pi\u0119knym do\u015bwiadczeniu \u015aDM 2023 w Lizbonie. B\u0119dziemy mieli \u0142ask\u0119 prze\u017cy\u0107 to nowe spotkanie w [&hellip;]<\/p>\n","protected":false},"author":1,"featured_media":64764,"comment_status":"closed","ping_status":"open","sticky":false,"template":"","format":"standard","meta":{"ngg_post_thumbnail":0,"footnotes":""},"categories":[144,149],"tags":[234],"class_list":["post-64768","post","type-post","status-publish","format-standard","has-post-thumbnail","category-ufficio-comunicazioni-pl","category-wiadomosci","tag-gva-international-pl"],"_links":{"self":[{"href":"https:\/\/www.ofmconv.net\/pl\/wp-json\/wp\/v2\/posts\/64768","targetHints":{"allow":["GET"]}}],"collection":[{"href":"https:\/\/www.ofmconv.net\/pl\/wp-json\/wp\/v2\/posts"}],"about":[{"href":"https:\/\/www.ofmconv.net\/pl\/wp-json\/wp\/v2\/types\/post"}],"author":[{"embeddable":true,"href":"https:\/\/www.ofmconv.net\/pl\/wp-json\/wp\/v2\/users\/1"}],"replies":[{"embeddable":true,"href":"https:\/\/www.ofmconv.net\/pl\/wp-json\/wp\/v2\/comments?post=64768"}],"version-history":[{"count":0,"href":"https:\/\/www.ofmconv.net\/pl\/wp-json\/wp\/v2\/posts\/64768\/revisions"}],"wp:featuredmedia":[{"embeddable":true,"href":"https:\/\/www.ofmconv.net\/pl\/wp-json\/wp\/v2\/media\/64764"}],"wp:attachment":[{"href":"https:\/\/www.ofmconv.net\/pl\/wp-json\/wp\/v2\/media?parent=64768"}],"wp:term":[{"taxonomy":"category","embeddable":true,"href":"https:\/\/www.ofmconv.net\/pl\/wp-json\/wp\/v2\/categories?post=64768"},{"taxonomy":"post_tag","embeddable":true,"href":"https:\/\/www.ofmconv.net\/pl\/wp-json\/wp\/v2\/tags?post=64768"}],"curies":[{"name":"wp","href":"https:\/\/api.w.org\/{rel}","templated":true}]}}