{"id":66024,"date":"2024-04-08T13:24:35","date_gmt":"2024-04-08T11:24:35","guid":{"rendered":"https:\/\/ofmconv.net\/grafologia-open-day-in-lingua-spagnola\/"},"modified":"2024-04-08T13:27:29","modified_gmt":"2024-04-08T11:27:29","slug":"grafologia-open-day-in-lingua-spagnola","status":"publish","type":"post","link":"https:\/\/www.ofmconv.net\/pl\/grafologia-open-day-in-lingua-spagnola\/","title":{"rendered":"Grafologia: <i>Open Day<\/i> w\u00a0j\u0119zyku hiszpa\u0144skim"},"content":{"rendered":"<p><strong>Drodzy bracia i przyjaciele, w sobot\u0119 27 kwietnia o godz. 15 czasu w\u0142oskiego, kieruj\u0105c si\u0119 gor\u0105cym pragnieniem upowszechnienia dyscypliny grafologii, szko\u0142a grafologii w Seraphicum zaprasza wszystkich zainteresowanych na <em>Open Day<\/em> w j\u0119zyku hiszpa\u0144skim.<\/strong><\/p>\n<p>Dyscyplina grafologii jest cz\u0119\u015bci\u0105 dziedzictwa rodziny franciszkan\u00f3w konwentualnych od ubieg\u0142ego wieku i rozwija si\u0119 poprzez studia, nauk\u0119 i badania. To w\u0142a\u015bnie fr. Girolamo MORETTI OFMConv (1879-1963) da\u0142 pocz\u0105tek, form\u0119 i metod\u0119 w\u0142oskiej grafologii, kt\u00f3r\u0105 nasz Zakon nadal promuje i rozpowszechnia po dzi\u015b dzie\u0144.<br \/>\nPodczas najbli\u017cszego spotkania, kt\u00f3re poprowadz\u0105 wyk\u0142adowcy Carlos TARANTINO i fr. Jos\u00e9 A. SU\u00c1REZ ALEM\u00c1N, b\u0119dzie okazja bli\u017cszego poznania tej interesuj\u0105cej dyscypliny w spos\u00f3b teoretyczny i praktyczny. Ca\u0142o\u015b\u0107 rozpocznie si\u0119 od prezentacji bardziej og\u00f3lnych poj\u0119\u0107 zwi\u0105zanych z grafologi\u0105, a nast\u0119pnie nast\u0105pi kr\u00f3tki opis osobowo\u015bci poprzez analiz\u0119 niekt\u00f3rych pism. Poprzez <em>Open Day<\/em> szko\u0142a w Seraphicum otwiera swoje drzwi, aby pokaza\u0107 bogactwo i u\u017cyteczno\u015b\u0107, jakie dzi\u015b grafologia jest w stanie zaoferowa\u0107. Od samego pocz\u0105tku i przy aktywnym zaanga\u017cowaniu fr. MORETTI celem by\u0142o czynienie dobra ludziom. Wszyscy zainteresowani tym tematem mog\u0105 wzi\u0105\u0107 udzia\u0142. O wi\u0119cej informacji mo\u017cna poprosi\u0107 pod adresem: <a href=\"mailto:grafologia@seraphicum.org\">grafologia@seraphicum.org<\/a>.<\/p>\n<p>Ka\u017cdy jest mile widziany i oczekiwany.<\/p>\n<p style=\"text-align: right;\">Fr. Jos\u00e9 A. SU\u00c1REZ ALEM\u00c1N<\/p>\n","protected":false},"excerpt":{"rendered":"<p>Drodzy bracia i przyjaciele, w sobot\u0119 27 kwietnia o godz. 15 czasu w\u0142oskiego, kieruj\u0105c si\u0119 gor\u0105cym pragnieniem upowszechnienia dyscypliny grafologii, szko\u0142a grafologii w Seraphicum zaprasza wszystkich zainteresowanych na Open Day w j\u0119zyku hiszpa\u0144skim. Dyscyplina grafologii jest cz\u0119\u015bci\u0105 dziedzictwa rodziny franciszkan\u00f3w konwentualnych od ubieg\u0142ego wieku i rozwija si\u0119 poprzez studia, nauk\u0119 i badania. To w\u0142a\u015bnie fr. [&hellip;]<\/p>\n","protected":false},"author":1,"featured_media":66020,"comment_status":"closed","ping_status":"open","sticky":false,"template":"","format":"standard","meta":{"ngg_post_thumbnail":0,"footnotes":""},"categories":[144,149],"tags":[2146,335],"class_list":["post-66024","post","type-post","status-publish","format-standard","has-post-thumbnail","category-ufficio-comunicazioni-pl","category-wiadomosci","tag-grafologia-pl","tag-seraphicum-pl"],"_links":{"self":[{"href":"https:\/\/www.ofmconv.net\/pl\/wp-json\/wp\/v2\/posts\/66024","targetHints":{"allow":["GET"]}}],"collection":[{"href":"https:\/\/www.ofmconv.net\/pl\/wp-json\/wp\/v2\/posts"}],"about":[{"href":"https:\/\/www.ofmconv.net\/pl\/wp-json\/wp\/v2\/types\/post"}],"author":[{"embeddable":true,"href":"https:\/\/www.ofmconv.net\/pl\/wp-json\/wp\/v2\/users\/1"}],"replies":[{"embeddable":true,"href":"https:\/\/www.ofmconv.net\/pl\/wp-json\/wp\/v2\/comments?post=66024"}],"version-history":[{"count":0,"href":"https:\/\/www.ofmconv.net\/pl\/wp-json\/wp\/v2\/posts\/66024\/revisions"}],"wp:featuredmedia":[{"embeddable":true,"href":"https:\/\/www.ofmconv.net\/pl\/wp-json\/wp\/v2\/media\/66020"}],"wp:attachment":[{"href":"https:\/\/www.ofmconv.net\/pl\/wp-json\/wp\/v2\/media?parent=66024"}],"wp:term":[{"taxonomy":"category","embeddable":true,"href":"https:\/\/www.ofmconv.net\/pl\/wp-json\/wp\/v2\/categories?post=66024"},{"taxonomy":"post_tag","embeddable":true,"href":"https:\/\/www.ofmconv.net\/pl\/wp-json\/wp\/v2\/tags?post=66024"}],"curies":[{"name":"wp","href":"https:\/\/api.w.org\/{rel}","templated":true}]}}