{"id":66384,"date":"2024-04-19T13:39:04","date_gmt":"2024-04-19T11:39:04","guid":{"rendered":"https:\/\/ofmconv.net\/karsiyaka-smirne-ritorno-dei-conventuali-alla-parrocchia-s-elena\/"},"modified":"2024-04-19T13:44:02","modified_gmt":"2024-04-19T11:44:02","slug":"karsiyaka-smirne-ritorno-dei-conventuali-alla-parrocchia-s-elena","status":"publish","type":"post","link":"https:\/\/www.ofmconv.net\/pl\/karsiyaka-smirne-ritorno-dei-conventuali-alla-parrocchia-s-elena\/","title":{"rendered":"Kar\u015f\u0131yaka (Izmir): powr\u00f3t franciszkan\u00f3w do\u00a0parafii \u015bw.\u00a0Heleny"},"content":{"rendered":"<p><strong>Niedziela 14 kwietnia 2024 r. by\u0142a dniem o wielkim znaczeniu dla wsp\u00f3lnoty w Kar\u015f\u0131yaka (Izmir), poniewa\u017c naznaczy\u0142a powr\u00f3t braci mniejszych konwentualnych do parafii \u015bw. Heleny. Wydarzenie to by\u0142o obchodzone uroczy\u015bcie i rado\u015bnie, symbolizuj\u0105c nowy rozdzia\u0142 w historii tego ko\u015bcio\u0142a i jego wsp\u00f3lnoty.<\/strong><\/p>\n<p>Najwa\u017cniejszym momentem by\u0142o kanoniczne obj\u0119cie parafii przez fr. Adriana BACIU, kt\u00f3ry otrzyma\u0142 uprawnienia ko\u015bcielne z r\u0105k abp. Martina KMETEC OFMConv, metropolity Izmiru. Akt ten oficjalnie wytyczy\u0142 powr\u00f3t wsp\u00f3\u0142braci do duchowego przewodzenia w parafii, co dokona\u0142o si\u0119 po nieobecno\u015bci trwaj\u0105cej od 2011 r.<br \/>\nParafia \u015bw. Heleny by\u0142a obs\u0142ugiwana przez franciszkan\u00f3w od 1997 r. do 2011 r., kiedy to musieli j\u0105 opu\u015bci\u0107 ze wzgl\u0119du na pewne okoliczno\u015bci utrudniaj\u0105ce dzia\u0142alno\u015b\u0107. Dzisiaj kustodia generalna Bliskiego Wschodu i Ziemi \u015awi\u0119tej z wielk\u0105 rado\u015bci\u0105 podejmuje na nowo s\u0142u\u017cb\u0119 w tej wsp\u00f3lnocie parafialnej.<br \/>\nPowr\u00f3t Zakonu niesie ze sob\u0105 odnowion\u0105 nadziej\u0119 i wzmocnione zaanga\u017cowanie w s\u0142u\u017cb\u0119 lokalnej wsp\u00f3lnocie. Obecno\u015b\u0107 franciszkan\u00f3w nie tylko zapewnia wiernym istotne wsparcie duchowe, ale tak\u017ce stanowi zauwa\u017caln\u0105 wi\u0119\u017a z d\u0142ugimi dziejami ko\u015bcio\u0142a \u015bw. Heleny i jego misj\u0105 w regionie.<br \/>\nNa zako\u0144czenie Mszy \u015bw. kustosz prowincjalny fr. Anton BULAI zwr\u00f3ci\u0142 si\u0119 do wszystkich z zach\u0119t\u0105: \u201eBracia, powr\u00f3cili\u015bmy tu jak uczniowie z Emaus. Przyszli\u015bmy opowiada\u0107 o Chrystusie, opowiada\u0107, jak Go poznali\u015bmy. S\u0142yszeli\u015bcie z Pisma \u015awi\u0119tego, \u017ce sam Jezus ukaza\u0142 si\u0119 po\u015br\u00f3d nich i powiedzia\u0142: Pok\u00f3j wam! B\u0119dziemy opowiada\u0107 o Chrystusie i jestem pewien, \u017ce Jezus b\u0119dzie z nami i powie: Pok\u00f3j wam! Wr\u00f3cili\u015bmy dlatego, bo was kochamy. Przyszli\u015bmy, aby was kocha\u0107. I chcia\u0142bym pokornie doda\u0107 jeszcze jedn\u0105 rzecz: kochajcie naszego nowego proboszcza fr. Adriana BACIU, kochajcie gwardiana fr. Iosifa ROBU i fr. Mosesa FIDELIS\u201d.<br \/>\nWsp\u00f3lnota zakonna w Kar\u015f\u0131yaka z entuzjazmem podejmuje ten nowy etap dzia\u0142alno\u015bci duszpasterskiej i z ufno\u015bci\u0105 i nadziej\u0105 patrzy w przysz\u0142o\u015b\u0107. Powr\u00f3t braci mniejszych konwentualnych otwiera znacz\u0105cy czas odnowy i duchowego wzrostu dla wszystkich, a zarazem staje si\u0119 latarni\u0105 \u015bwiat\u0142a i nadziei w \u017cyciu wsp\u00f3lnoty.<\/p>\n<p style=\"text-align: right;\">Fr. Marian-Emanuel V\u0102T\u0102M\u0102NELU<\/p>\nngg_shortcode_0_placeholder\n","protected":false},"excerpt":{"rendered":"<p>Niedziela 14 kwietnia 2024 r. by\u0142a dniem o wielkim znaczeniu dla wsp\u00f3lnoty w Kar\u015f\u0131yaka (Izmir), poniewa\u017c naznaczy\u0142a powr\u00f3t braci mniejszych konwentualnych do parafii \u015bw. Heleny. Wydarzenie to by\u0142o obchodzone uroczy\u015bcie i rado\u015bnie, symbolizuj\u0105c nowy rozdzia\u0142 w historii tego ko\u015bcio\u0142a i jego wsp\u00f3lnoty. Najwa\u017cniejszym momentem by\u0142o kanoniczne obj\u0119cie parafii przez fr. Adriana BACIU, kt\u00f3ry otrzyma\u0142 uprawnienia [&hellip;]<\/p>\n","protected":false},"author":1,"featured_media":66380,"comment_status":"closed","ping_status":"open","sticky":false,"template":"","format":"standard","meta":{"ngg_post_thumbnail":0,"footnotes":""},"categories":[131,118],"tags":[1349,557],"class_list":["post-66384","post","type-post","status-publish","format-standard","has-post-thumbnail","category-federacje","category-fimp-pl","tag-turcja","tag-wschod-i-ziemia-swieta"],"_links":{"self":[{"href":"https:\/\/www.ofmconv.net\/pl\/wp-json\/wp\/v2\/posts\/66384","targetHints":{"allow":["GET"]}}],"collection":[{"href":"https:\/\/www.ofmconv.net\/pl\/wp-json\/wp\/v2\/posts"}],"about":[{"href":"https:\/\/www.ofmconv.net\/pl\/wp-json\/wp\/v2\/types\/post"}],"author":[{"embeddable":true,"href":"https:\/\/www.ofmconv.net\/pl\/wp-json\/wp\/v2\/users\/1"}],"replies":[{"embeddable":true,"href":"https:\/\/www.ofmconv.net\/pl\/wp-json\/wp\/v2\/comments?post=66384"}],"version-history":[{"count":0,"href":"https:\/\/www.ofmconv.net\/pl\/wp-json\/wp\/v2\/posts\/66384\/revisions"}],"wp:featuredmedia":[{"embeddable":true,"href":"https:\/\/www.ofmconv.net\/pl\/wp-json\/wp\/v2\/media\/66380"}],"wp:attachment":[{"href":"https:\/\/www.ofmconv.net\/pl\/wp-json\/wp\/v2\/media?parent=66384"}],"wp:term":[{"taxonomy":"category","embeddable":true,"href":"https:\/\/www.ofmconv.net\/pl\/wp-json\/wp\/v2\/categories?post=66384"},{"taxonomy":"post_tag","embeddable":true,"href":"https:\/\/www.ofmconv.net\/pl\/wp-json\/wp\/v2\/tags?post=66384"}],"curies":[{"name":"wp","href":"https:\/\/api.w.org\/{rel}","templated":true}]}}