{"id":66751,"date":"2024-04-29T14:15:46","date_gmt":"2024-04-29T12:15:46","guid":{"rendered":"https:\/\/ofmconv.net\/itinerario-pedagogico-francescano-corso-di-formazione-alla-vita-francescana\/"},"modified":"2024-04-29T14:19:08","modified_gmt":"2024-04-29T12:19:08","slug":"itinerario-pedagogico-francescano-corso-di-formazione-alla-vita-francescana","status":"publish","type":"post","link":"https:\/\/www.ofmconv.net\/pl\/itinerario-pedagogico-francescano-corso-di-formazione-alla-vita-francescana\/","title":{"rendered":"\u201eFranciszka\u0144ski program pedagogiczny\u201d. Kurs <i>formacji do \u017cycia franciszka\u0144skiego<\/i>"},"content":{"rendered":"<p><strong>Kurs proponowany przez Papieski Wydzia\u0142 Teologiczny \u015aw. Bonawentury w Seraphicum w Rzymie, we wsp\u00f3\u0142pracy z Papieskim Uniwersytetem Salezja\u0144skim, ma charakter praktyczno-operacyjny i jest skierowany do tych, kt\u00f3rzy pragn\u0105 pozna\u0107 i zg\u0142\u0119bi\u0107 tre\u015bci pedagogiki i formacji w \u017cyciu konsekrowanym dzisiaj, w \u015bwiecie franciszka\u0144skim.<\/strong><\/p>\n<p>Zaj\u0119cia b\u0119d\u0105 odbywa\u0107 si\u0119 w poniedzia\u0142ki i wtorki, zar\u00f3wno z osobistym udzia\u0142em, jak i online. Wszyscy uczestnicy b\u0119d\u0105 mieli dost\u0119p do nagra\u0144 ze spotka\u0144.<\/p>\n<p style=\"padding-left: 40px;\">1) Poniedzia\u0142ek od godz. 9 do 12.25: Pedagogika i formacja \u017cycia konsekrowanego (wyk\u0142adowcy Papieskiego Uniwersytetu Salezja\u0144skiego).<\/p>\n<p style=\"padding-left: 40px;\">2) Wtorek od godz. 9 do 12.25: Pedagogika i formacja franciszka\u0144ska (wyk\u0142adowcy Papieskiego Wydzia\u0142u Teologicznego \u015aw. Bonawentury).<\/p>\n<p>Plan studi\u00f3w: pedagogika \u017cycia konsekrowanego; teologia \u017cycia konsekrowanego; rozeznawanie duchowe; psychologia i pedagogika \u017cycia wsp\u00f3lnotowego; towarzyszenie duchowe; charyzmat i duchowo\u015b\u0107 franciszka\u0144ska; antropologia franciszka\u0144ska; rozeznawanie franciszka\u0144skie; pedagogika franciszka\u0144ska; franciszka\u0144skie \u017cycie misyjne.<\/p>\n<p>Wyk\u0142adowcy: ks. Carlo Maria ZANOTTI, s. Bruna ZALTRON, s. Daniela DEL GAUDIO, o. Maurizio BEVILACQUA, fr. Pietro MARANESI, fr. Rocco PREDOTI, fr. Massimo VEDOVA, fr. Adam M\u0104CZKA, fr. Raffaele DI MURO.<\/p>\n<p>Wyk\u0142ady odb\u0119d\u0105 si\u0119 w okresie od 30 wrze\u015bnia 2024 r. do 29 kwietnia 2025 r. i obejm\u0105 \u0142\u0105cznie 48 spotka\u0144.<br \/>\nKoszt kursu wynosi 800 \u20ac, p\u0142atne w dw\u00f3ch ratach. Termin zapis\u00f3w mija 27 wrze\u015bnia 2024 r. Minimalne kwalifikacje wymagane do uczestnictwa: \u015bwiadectwo uko\u0144czenia szko\u0142y \u015bredniej.<br \/>\nPod koniec kursu wymagane jest napisanie pracy o obj\u0119to\u015bci co najmniej 10 stron na jeden z temat\u00f3w kursu, co b\u0119dzie uprawnia\u0107 do otrzymania za\u015bwiadczenia o udziale w kursie.<br \/>\nKurs jest szczeg\u00f3lnie przydatny dla os\u00f3b zajmuj\u0105cych si\u0119 formacj\u0105.<\/p>\n<p>Plakat kursu: <a href=\"https:\/\/ofmconv.net\/img\/bannery\/itinerario\/itinerario-pedagogico.pdf\">https:\/\/ofmconv.net\/img\/bannery\/itinerario\/itinerario-pedagogico.pdf<\/a><\/p>\n<p style=\"text-align: right;\">Papieski Wydzia\u0142 Teologiczny \u015bw. Bonawentury<\/p>\nngg_shortcode_0_placeholder\n","protected":false},"excerpt":{"rendered":"<p>Kurs proponowany przez Papieski Wydzia\u0142 Teologiczny \u015aw. Bonawentury w Seraphicum w Rzymie, we wsp\u00f3\u0142pracy z Papieskim Uniwersytetem Salezja\u0144skim, ma charakter praktyczno-operacyjny i jest skierowany do tych, kt\u00f3rzy pragn\u0105 pozna\u0107 i zg\u0142\u0119bi\u0107 tre\u015bci pedagogiki i formacji w \u017cyciu konsekrowanym dzisiaj, w \u015bwiecie franciszka\u0144skim. Zaj\u0119cia b\u0119d\u0105 odbywa\u0107 si\u0119 w poniedzia\u0142ki i wtorki, zar\u00f3wno z osobistym udzia\u0142em, jak [&hellip;]<\/p>\n","protected":false},"author":1,"featured_media":66747,"comment_status":"closed","ping_status":"open","sticky":false,"template":"","format":"standard","meta":{"ngg_post_thumbnail":0,"footnotes":""},"categories":[144,149],"tags":[335],"class_list":["post-66751","post","type-post","status-publish","format-standard","has-post-thumbnail","category-ufficio-comunicazioni-pl","category-wiadomosci","tag-seraphicum-pl"],"_links":{"self":[{"href":"https:\/\/www.ofmconv.net\/pl\/wp-json\/wp\/v2\/posts\/66751","targetHints":{"allow":["GET"]}}],"collection":[{"href":"https:\/\/www.ofmconv.net\/pl\/wp-json\/wp\/v2\/posts"}],"about":[{"href":"https:\/\/www.ofmconv.net\/pl\/wp-json\/wp\/v2\/types\/post"}],"author":[{"embeddable":true,"href":"https:\/\/www.ofmconv.net\/pl\/wp-json\/wp\/v2\/users\/1"}],"replies":[{"embeddable":true,"href":"https:\/\/www.ofmconv.net\/pl\/wp-json\/wp\/v2\/comments?post=66751"}],"version-history":[{"count":0,"href":"https:\/\/www.ofmconv.net\/pl\/wp-json\/wp\/v2\/posts\/66751\/revisions"}],"wp:featuredmedia":[{"embeddable":true,"href":"https:\/\/www.ofmconv.net\/pl\/wp-json\/wp\/v2\/media\/66747"}],"wp:attachment":[{"href":"https:\/\/www.ofmconv.net\/pl\/wp-json\/wp\/v2\/media?parent=66751"}],"wp:term":[{"taxonomy":"category","embeddable":true,"href":"https:\/\/www.ofmconv.net\/pl\/wp-json\/wp\/v2\/categories?post=66751"},{"taxonomy":"post_tag","embeddable":true,"href":"https:\/\/www.ofmconv.net\/pl\/wp-json\/wp\/v2\/tags?post=66751"}],"curies":[{"name":"wp","href":"https:\/\/api.w.org\/{rel}","templated":true}]}}