{"id":6817,"date":"2018-06-07T20:14:09","date_gmt":"2018-06-07T19:14:09","guid":{"rendered":"https:\/\/ofmconv.net\/valladolid-giubileo-doro\/"},"modified":"2018-06-08T08:17:49","modified_gmt":"2018-06-08T07:17:49","slug":"valladolid-giubileo-doro","status":"publish","type":"post","link":"https:\/\/www.ofmconv.net\/pl\/valladolid-giubileo-doro\/","title":{"rendered":"Valladolid: Z\u0142oty Jubileusz"},"content":{"rendered":"<p><strong>W bie\u017c\u0105cym roku szkolny 2017-2018 kolegium \u201e\u015aw. Franciszka z Asy\u017cu\u201d w Valladolid w Hiszpanii, prowadzone przez franciszkan\u00f3w \u015bwi\u0119tuje sw\u00f3j zloty jubileusz (50 lecie powstania). To doskona\u0142a okazja, by dzi\u0119kowa\u0107 Bogu za wszelkie dobro otrzymane w tym czasie.<\/strong><\/p>\n<p>W zwi\u0105zku z obchodami jubileuszu by\u0142y podj\u0119te r\u00f3\u017cnego rodzaju okoliczno\u015bciowe dzia\u0142ania: inauguracja (4 pa\u017adziernika 2017 r.); konkurs na zak\u0142adki do ksi\u0105\u017cek, spotkanie ex-alumn\u00f3w (14 kwietnia 2018 r.), konkurs na hymn szkolny, itp.<br \/>\nCentralne uroczysto\u015bci mia\u0142y miejsce w dniach 18-20 maja 2018 r. W tych dniach by\u0142 czas na wyra\u017cenie wdzi\u0119czno\u015bci dla \u201edziadk\u00f3w\u201d kolegium; dzi\u0119kczynny koncert muzyczny w parafii; uroczysta Eucharystia celebrowana na placu przed kolegium, kt\u00f3rej przewodniczy\u0142 Minister generalny fr. Marco TASCA, kt\u00f3ry specjalnie na t\u0119 okoliczno\u015b\u0107 przyby\u0142 z Rzymu, wraz z bra\u0107mi z kurii generalnej.<br \/>\nPrzybyli tez bardzo liczni zakonnicy z Prowincji Naszej Pani z Montserrat w Hiszpanii na czele z ministrem prowincjalnym fr. \u00c1ngel Mariano GUZM\u00c1N LUDE\u00d1A.<br \/>\nNie mo\u017cemy nie by\u0107 wdzi\u0119czni Bogu za dar spotkania ze \u015bw. Franciszkiem z Asy\u017cu i jego cudownym charyzmatem w naszym \u017cyciu.<\/p>\n<p style=\"text-align: right;\">Fr. Juan Antonio AD\u00c1NEZ SILV\u00c1N OFMConv, gwardian, wikariusz prowincji<br \/>\nT\u0142um. wr<br \/>\nFoto: fr. Ryszard WR\u00d3BEL OFMConv<\/p>\nngg_shortcode_0_placeholder\n","protected":false},"excerpt":{"rendered":"<p>W bie\u017c\u0105cym roku szkolny 2017-2018 kolegium \u201e\u015aw. Franciszka z Asy\u017cu\u201d w Valladolid w Hiszpanii, prowadzone przez franciszkan\u00f3w \u015bwi\u0119tuje sw\u00f3j zloty jubileusz (50 lecie powstania). To doskona\u0142a okazja, by dzi\u0119kowa\u0107 Bogu za wszelkie dobro otrzymane w tym czasie. W zwi\u0105zku z obchodami jubileuszu by\u0142y podj\u0119te r\u00f3\u017cnego rodzaju okoliczno\u015bciowe dzia\u0142ania: inauguracja (4 pa\u017adziernika 2017 r.); konkurs na [&hellip;]<\/p>\n","protected":false},"author":1,"featured_media":6812,"comment_status":"closed","ping_status":"open","sticky":false,"template":"","format":"standard","meta":{"ngg_post_thumbnail":0,"footnotes":""},"categories":[131,118,149],"tags":[897,898],"class_list":["post-6817","post","type-post","status-publish","format-standard","has-post-thumbnail","category-federacje","category-fimp-pl","category-wiadomosci","tag-hiszpania","tag-kolegium-w-valladolid"],"_links":{"self":[{"href":"https:\/\/www.ofmconv.net\/pl\/wp-json\/wp\/v2\/posts\/6817","targetHints":{"allow":["GET"]}}],"collection":[{"href":"https:\/\/www.ofmconv.net\/pl\/wp-json\/wp\/v2\/posts"}],"about":[{"href":"https:\/\/www.ofmconv.net\/pl\/wp-json\/wp\/v2\/types\/post"}],"author":[{"embeddable":true,"href":"https:\/\/www.ofmconv.net\/pl\/wp-json\/wp\/v2\/users\/1"}],"replies":[{"embeddable":true,"href":"https:\/\/www.ofmconv.net\/pl\/wp-json\/wp\/v2\/comments?post=6817"}],"version-history":[{"count":0,"href":"https:\/\/www.ofmconv.net\/pl\/wp-json\/wp\/v2\/posts\/6817\/revisions"}],"wp:featuredmedia":[{"embeddable":true,"href":"https:\/\/www.ofmconv.net\/pl\/wp-json\/wp\/v2\/media\/6812"}],"wp:attachment":[{"href":"https:\/\/www.ofmconv.net\/pl\/wp-json\/wp\/v2\/media?parent=6817"}],"wp:term":[{"taxonomy":"category","embeddable":true,"href":"https:\/\/www.ofmconv.net\/pl\/wp-json\/wp\/v2\/categories?post=6817"},{"taxonomy":"post_tag","embeddable":true,"href":"https:\/\/www.ofmconv.net\/pl\/wp-json\/wp\/v2\/tags?post=6817"}],"curies":[{"name":"wp","href":"https:\/\/api.w.org\/{rel}","templated":true}]}}