{"id":68607,"date":"2024-06-12T13:45:37","date_gmt":"2024-06-12T11:45:37","guid":{"rendered":"https:\/\/ofmconv.net\/inaugurazione-del-corso-per-missionari-francescani-in-america-latina-e-caraibi\/"},"modified":"2024-06-12T13:49:17","modified_gmt":"2024-06-12T11:49:17","slug":"inaugurazione-del-corso-per-missionari-francescani-in-america-latina-e-caraibi","status":"publish","type":"post","link":"https:\/\/www.ofmconv.net\/pl\/inaugurazione-del-corso-per-missionari-francescani-in-america-latina-e-caraibi\/","title":{"rendered":"Inauguracja kursu dla misjonarzy franciszka\u0144skich w\u00a0Ameryce \u0141aci\u0144skiej i\u00a0na\u00a0Karaibach"},"content":{"rendered":"<p><strong>Trzecia edycja kursu dla misjonarzy franciszka\u0144skich organizowanego na r\u00f3\u017cnych kontynentach zosta\u0142a zainaugurowana 10 czerwca 2024 r. podczas Mszy \u015bw. pod przewodnictwem wikariusza generalnego Zakonu Braci Mniejszych Kapucyn\u00f3w fr. Jos\u00e9 \u00c1ngela TORRES RIVERA.<\/strong><\/p>\n<p>Kurs formacyjny dla franciszka\u0144skich misjonarzy z Pierwszego Zakonu by\u0142 prowadzony przez 20 lat w Brukseli, a wi\u0119c w Europie. Po niedawnej pandemii i po dok\u0142adnej ocenie samego kursu ministrowie generalni i sekretarze ds. animacji misyjnej podj\u0119li decyzj\u0119 o organizowaniu spotka\u0144 bezpo\u015brednio w kontek\u015bcie przysz\u0142ej pracy misyjnej zakonnik\u00f3w. I tak dwa lata temu kurs zosta\u0142 zwo\u0142any w Ugandzie, w zesz\u0142ym roku na Filipinach, a w tym roku ma miejsce w Brazylii. W 2023 r., w odr\u00f3\u017cnieniu od poprzednich lat, po raz pierwszy uczestniczy\u0142 w nim brat z Trzeciego Zakonu Regularnego (jego udzia\u0142 jest przewidziany tak\u017ce w tym roku).<br \/>\nPo Mszy \u015bw. inauguracyjnej odby\u0142 si\u0119 obrz\u0119d, podczas kt\u00f3rego uczestnicy symbolicznie po\u015bwi\u0119cili swoje zmys\u0142y wod\u0105 \u015bwi\u0119con\u0105, aby prosi\u0107 o Bo\u017c\u0105 pomoc i dog\u0142\u0119bnie przyj\u0105\u0107 proponowane tre\u015bci.<br \/>\nKurs odbywa si\u0119 w Amazonii, gdzie stykaj\u0105 si\u0119 trzy granice: peruwia\u0144ska, kolumbijska i brazylijska, a dok\u0142adnie w Benjamin Constant (Brazylia). Uczestnicy wraz z zespo\u0142em animator\u00f3w i moderator\u00f3w s\u0105 goszczeni przez braci kapucyn\u00f3w i pochodz\u0105 z nast\u0119puj\u0105cych kraj\u00f3w: Boliwia, Polska, Kostaryka, Brazylia, Salwador, Peru, Meksyk, Indie i Kolumbia.<br \/>\nZ Zakonu Braci Mniejszych Konwentualnych udzia\u0142 bior\u0105 nast\u0119puj\u0105cy bracia: fr. Erick MAR\u00cdN CARBALLO (animator), fr. Roberto TOMICH\u00c1 CHARUP\u00c1 (moderator), fr. Julio Cesar Gon\u00e7alves COSTA i fr. Mariusz PRUSZAK (uczestnicy).<br \/>\nProjekt dotyczy formacji misjonarzy w r\u00f3\u017cnych krajach Ameryki \u0141aci\u0144skiej i Karaib\u00f3w. Je\u015bli chodzi o kandydat\u00f3w, kurs jest skierowany do braci ju\u017c b\u0119d\u0105cych misjonarzami, do kandydat\u00f3w na misjonarzy z innego kontynentu oraz do samych Latynoamerykan\u00f3w, kt\u00f3rzy b\u0119d\u0105 pracowa\u0107 w realiach innych ni\u017c ich w\u0142asne, nawet je\u015bli pochodz\u0105 z Ameryki \u0141aci\u0144skiej.<\/p>\n<p style=\"text-align: right;\">Fr. Dariusz MAZUREK, delegat generalny ds. animacji misyjnej<\/p>\n<p><iframe loading=\"lazy\" title=\"SGAM - CORSO MISSIONARI 2024\" width=\"696\" height=\"392\" src=\"https:\/\/www.youtube.com\/embed\/_ugbkBqBZhg?wmode=transparent&amp;rel=0&amp;feature=oembed\" frameborder=\"0\" allow=\"accelerometer; autoplay; clipboard-write; encrypted-media; gyroscope; picture-in-picture; web-share\" referrerpolicy=\"strict-origin-when-cross-origin\" allowfullscreen><\/iframe><\/p>\n<p>&nbsp;<\/p>\n","protected":false},"excerpt":{"rendered":"<p>Trzecia edycja kursu dla misjonarzy franciszka\u0144skich organizowanego na r\u00f3\u017cnych kontynentach zosta\u0142a zainaugurowana 10 czerwca 2024 r. podczas Mszy \u015bw. pod przewodnictwem wikariusza generalnego Zakonu Braci Mniejszych Kapucyn\u00f3w fr. Jos\u00e9 \u00c1ngela TORRES RIVERA. Kurs formacyjny dla franciszka\u0144skich misjonarzy z Pierwszego Zakonu by\u0142 prowadzony przez 20 lat w Brukseli, a wi\u0119c w Europie. Po niedawnej pandemii i [&hellip;]<\/p>\n","protected":false},"author":1,"featured_media":68603,"comment_status":"closed","ping_status":"open","sticky":false,"template":"","format":"standard","meta":{"ngg_post_thumbnail":0,"footnotes":""},"categories":[130,134,149],"tags":[829],"class_list":["post-68607","post","type-post","status-publish","format-standard","has-post-thumbnail","category-sgam-pl","category-urzedy-generalne","category-wiadomosci","tag-kurs-dla-misjonarzy"],"_links":{"self":[{"href":"https:\/\/www.ofmconv.net\/pl\/wp-json\/wp\/v2\/posts\/68607","targetHints":{"allow":["GET"]}}],"collection":[{"href":"https:\/\/www.ofmconv.net\/pl\/wp-json\/wp\/v2\/posts"}],"about":[{"href":"https:\/\/www.ofmconv.net\/pl\/wp-json\/wp\/v2\/types\/post"}],"author":[{"embeddable":true,"href":"https:\/\/www.ofmconv.net\/pl\/wp-json\/wp\/v2\/users\/1"}],"replies":[{"embeddable":true,"href":"https:\/\/www.ofmconv.net\/pl\/wp-json\/wp\/v2\/comments?post=68607"}],"version-history":[{"count":0,"href":"https:\/\/www.ofmconv.net\/pl\/wp-json\/wp\/v2\/posts\/68607\/revisions"}],"wp:featuredmedia":[{"embeddable":true,"href":"https:\/\/www.ofmconv.net\/pl\/wp-json\/wp\/v2\/media\/68603"}],"wp:attachment":[{"href":"https:\/\/www.ofmconv.net\/pl\/wp-json\/wp\/v2\/media?parent=68607"}],"wp:term":[{"taxonomy":"category","embeddable":true,"href":"https:\/\/www.ofmconv.net\/pl\/wp-json\/wp\/v2\/categories?post=68607"},{"taxonomy":"post_tag","embeddable":true,"href":"https:\/\/www.ofmconv.net\/pl\/wp-json\/wp\/v2\/tags?post=68607"}],"curies":[{"name":"wp","href":"https:\/\/api.w.org\/{rel}","templated":true}]}}