{"id":70092,"date":"2024-07-15T13:30:51","date_gmt":"2024-07-15T11:30:51","guid":{"rendered":"https:\/\/ofmconv.net\/san-bonaventura-da-bagnoregio-750-anniversario-della-sua-morte\/"},"modified":"2024-07-15T13:34:29","modified_gmt":"2024-07-15T11:34:29","slug":"san-bonaventura-da-bagnoregio-750-anniversario-della-sua-morte","status":"publish","type":"post","link":"https:\/\/www.ofmconv.net\/pl\/san-bonaventura-da-bagnoregio-750-anniversario-della-sua-morte\/","title":{"rendered":"750. rocznica \u015bmierci \u015bw.\u00a0Bonawentury z\u00a0Bagnoregio"},"content":{"rendered":"<p><strong>15 lipca 2024 r. przypada 750. rocznica \u015bmierci \u015bw. Bonawentury. Ko\u015bci\u00f3\u0142 \u015bwi\u0119tuje jego uroczysto\u015b\u0107, doceniaj\u0105c przebogate dzie\u0142o filozoficzno-teologiczne, jakie pozostawi\u0142. \u015awi\u0119tuje ca\u0142a rodzina franciszka\u0144ska, pami\u0119taj\u0105c o jego cennym \u015bwiadectwie i niezwyk\u0142ym przes\u0142aniu.<\/strong><\/p>\n<p>\u015awi\u0119tuje nosz\u0105cy jego imi\u0119 Papieski Wydzia\u0142 Teologiczny w Rzymie, poniewa\u017c jest \u015bwiadomy wspania\u0142ej spu\u015bcizny pozostawionej przez Doktora Serafickiego.<br \/>\nNasz wydzia\u0142 organizuje obchody jubileuszowe 14 listopada 2024 r. wed\u0142ug nast\u0119puj\u0105cego programu:<\/p>\n<p style=\"text-align: left;\">Godz. 9<br \/>\nPowitanie przez dziekana fr. Raffaele DI MURO<\/p>\n<p style=\"text-align: left;\">Godz. 9.15<br \/>\nWyk\u0142ad fr. Pietro MARANESI OFMCap: <em>Bonawentura, mistrz i minister. <\/em><em>Nacisk po\u0142o\u017cony na jego s\u0142u\u017cb\u0119 Ko\u015bcio\u0142owi i Zakonowi<\/em>.<\/p>\n<p style=\"text-align: left;\">Godz. 10.30<br \/>\nPrzerwa na kaw\u0119.<\/p>\n<p style=\"text-align: left;\">Godz. 11.30 &nbsp;&nbsp;&nbsp;&nbsp;&nbsp;&nbsp;&nbsp;&nbsp;<br \/>\nMsza \u015bw. pod przewodnictwem fr. Jana MACIEJOWSKIEGO OFMConv, wicekanclerza i wikariusza generalnego.<\/p>\n<p>Celem obchod\u00f3w ku czci \u015bw. Bonawentury jest upami\u0119tnienie jego wyj\u0105tkowego dzie\u0142a i podkre\u015blenie jego aktualno\u015bci w dzisiejszym Ko\u015bciele. Prze\u017cywajmy t\u0119 wa\u017cn\u0105 rocznic\u0119 z rado\u015bci\u0105 i wdzi\u0119czno\u015bci\u0105.<\/p>\n<p style=\"text-align: right;\">Fr. Raffaele DI MURO, dziekan<\/p>\n","protected":false},"excerpt":{"rendered":"<p>15 lipca 2024 r. przypada 750. rocznica \u015bmierci \u015bw. Bonawentury. Ko\u015bci\u00f3\u0142 \u015bwi\u0119tuje jego uroczysto\u015b\u0107, doceniaj\u0105c przebogate dzie\u0142o filozoficzno-teologiczne, jakie pozostawi\u0142. \u015awi\u0119tuje ca\u0142a rodzina franciszka\u0144ska, pami\u0119taj\u0105c o jego cennym \u015bwiadectwie i niezwyk\u0142ym przes\u0142aniu. \u015awi\u0119tuje nosz\u0105cy jego imi\u0119 Papieski Wydzia\u0142 Teologiczny w Rzymie, poniewa\u017c jest \u015bwiadomy wspania\u0142ej spu\u015bcizny pozostawionej przez Doktora Serafickiego. Nasz wydzia\u0142 organizuje obchody jubileuszowe [&hellip;]<\/p>\n","protected":false},"author":1,"featured_media":70088,"comment_status":"closed","ping_status":"open","sticky":false,"template":"","format":"standard","meta":{"ngg_post_thumbnail":0,"footnotes":""},"categories":[144,149],"tags":[335,2800],"class_list":["post-70092","post","type-post","status-publish","format-standard","has-post-thumbnail","category-ufficio-comunicazioni-pl","category-wiadomosci","tag-seraphicum-pl","tag-sw-bonawentura"],"_links":{"self":[{"href":"https:\/\/www.ofmconv.net\/pl\/wp-json\/wp\/v2\/posts\/70092","targetHints":{"allow":["GET"]}}],"collection":[{"href":"https:\/\/www.ofmconv.net\/pl\/wp-json\/wp\/v2\/posts"}],"about":[{"href":"https:\/\/www.ofmconv.net\/pl\/wp-json\/wp\/v2\/types\/post"}],"author":[{"embeddable":true,"href":"https:\/\/www.ofmconv.net\/pl\/wp-json\/wp\/v2\/users\/1"}],"replies":[{"embeddable":true,"href":"https:\/\/www.ofmconv.net\/pl\/wp-json\/wp\/v2\/comments?post=70092"}],"version-history":[{"count":0,"href":"https:\/\/www.ofmconv.net\/pl\/wp-json\/wp\/v2\/posts\/70092\/revisions"}],"wp:featuredmedia":[{"embeddable":true,"href":"https:\/\/www.ofmconv.net\/pl\/wp-json\/wp\/v2\/media\/70088"}],"wp:attachment":[{"href":"https:\/\/www.ofmconv.net\/pl\/wp-json\/wp\/v2\/media?parent=70092"}],"wp:term":[{"taxonomy":"category","embeddable":true,"href":"https:\/\/www.ofmconv.net\/pl\/wp-json\/wp\/v2\/categories?post=70092"},{"taxonomy":"post_tag","embeddable":true,"href":"https:\/\/www.ofmconv.net\/pl\/wp-json\/wp\/v2\/tags?post=70092"}],"curies":[{"name":"wp","href":"https:\/\/api.w.org\/{rel}","templated":true}]}}