{"id":70940,"date":"2024-08-12T13:34:45","date_gmt":"2024-08-12T11:34:45","guid":{"rendered":"https:\/\/www.ofmconv.net\/chiusura-del-corso-per-missionari-francescani-in-america-latina\/"},"modified":"2024-08-12T13:43:10","modified_gmt":"2024-08-12T11:43:10","slug":"chiusura-del-corso-per-missionari-francescani-in-america-latina","status":"publish","type":"post","link":"https:\/\/www.ofmconv.net\/pl\/chiusura-del-corso-per-missionari-francescani-in-america-latina\/","title":{"rendered":"Zako\u0144czenie kursu dla misjonarzy franciszka\u0144skich w\u00a0Ameryce \u0141aci\u0144skiej"},"content":{"rendered":"<p><strong>\u201eTo, co robimy, to nie tylko co\u015b robi\u0107, ale tak\u017ce by\u0107. A je\u015bli co\u015b robimy, niech to b\u0119dzie dawanie \u017cycia innym. Ofiarowa\u0107 nasz chleb, inny styl bycia i bycia w \u015bwiecie, wychodz\u0105c od naszej ma\u0142o\u015bci\u201d.<\/strong><\/p>\n<p>Tymi s\u0142owami nasz Minister Generalny br. Carlos TROVARELLI zach\u0119ca\u0142 uczestnik\u00f3w kursu dla misjonarzy franciszka\u0144skich w Ameryce \u0141aci\u0144skiej podczas Eucharystii ko\u0144cz\u0105cej kurs w sobot\u0119 3 sierpnia 2024 roku.<br \/>\nW lipcu i sierpniu 2024 r. amazo\u0144ski region Tr\u00f3jgranicza Brazylii, Peru i Kolumbii przyj\u0105\u0142 grup\u0119 braci OFM, OFMConv, OFMCap i TOR na okres przygotowania misyjnego. Kurs zosta\u0142 zorganizowany przez Sekretariaty Generalne Misji Rodziny Franciszka\u0144skiej.<br \/>\nW\u015br\u00f3d poruszanych temat\u00f3w znalaz\u0142y si\u0119: historia krytyczna i ewangelizacja w Ameryce \u0141aci\u0144skiej; biblijne, ko\u015bcielne i franciszka\u0144skie podstawy misji i inkulturacji w regionie. Om\u00f3wiono tak\u017ce braterski dialog mi\u0119dzyreligijny i ekumeniczny oraz nowe areopagi w Ameryce \u0141aci\u0144skiej.<br \/>\nW ostatnim tygodniu, w atmosferze medytacji i rekolekcji, uczestnicy zebrali obfity plon tego do\u015bwiadczenia: g\u0142\u0119bok\u0105 wdzi\u0119czno\u015b\u0107 Bogu za mo\u017cliwo\u015b\u0107 \u015bwiadczenia razem, jako jedna rodzina, o bogactwie braterskiego spotkania i wsp\u00f3lnym wyzwaniu do o\u017cywienia misji, wychodz\u0105c od si\u0142y charyzmatu, odpowiedzi na znaki czasu i wsp\u00f3\u0142pracy mi\u0119dzyobediencyjnej.<br \/>\nWarto\u015bciowym tre\u015bciom towarzyszy\u0142y weekendowe do\u015bwiadczenia misyjne. Pozwoli\u0142o to uczestnikom por\u00f3wna\u0107 teori\u0119 z do\u015bwiadczeniami ko\u015bcielnymi i spo\u0142ecznymi w kontek\u015bcie Amazonii. Bracia sp\u0119dzili wiele godzin na \u0142odziach i kajakach, odwiedzaj\u0105c wsp\u00f3lnoty, odkrywaj\u0105c wiar\u0119 obecn\u0105 w lokalnych kulturach, a tak\u017ce do\u015bwiadczaj\u0105c trudno\u015bci zwi\u0105zanych z rzek\u0105 i miejskim kontekstem regionu.<br \/>\nZ naszego Zakonu OFMConv uczestniczyli: brat Mariusz PRUSZAK, brat Julio C\u00e9sar GON\u00c7ALVES COSTA i brat Erick G. MAR\u00cdN CARBALLO (animator). Brat Roberto TOMICH\u00c1 CHARUP\u00c1 wspiera\u0142 kurs jako nauczyciel, podczas gdy brat Dariusz MAZUREK, delegat generalny ds. animacji misyjnej, uczestniczy\u0142 w organizacji i by\u0142 obecny przez pierwsze dwa tygodnie. Jeste\u015bmy r\u00f3wnie\u017c wdzi\u0119czni naszemu Ministrowi Generalnemu za jego bratersk\u0105 obecno\u015b\u0107 na zako\u0144czenie kursu i za jego wsparcie dla tych formacyjnych przestrzeni.<br \/>\nW imieniu uczestnik\u00f3w potwierdzamy nasze zobowi\u0105zanie do dalszego prze\u017cywania tego braterskiego do\u015bwiadczenia, pomna\u017cania istniej\u0105cych wysi\u0142k\u00f3w misyjnych i proponowania nowych sposob\u00f3w s\u0142u\u017cby i misji w Ameryce \u0141aci\u0144skiej.<\/p>\n<p style=\"text-align: right;\">Brat Erick G. MAR\u00cdN CARBALLO<\/p>\nngg_shortcode_0_placeholder\n","protected":false},"excerpt":{"rendered":"<p>\u201eTo, co robimy, to nie tylko co\u015b robi\u0107, ale tak\u017ce by\u0107. A je\u015bli co\u015b robimy, niech to b\u0119dzie dawanie \u017cycia innym. Ofiarowa\u0107 nasz chleb, inny styl bycia i bycia w \u015bwiecie, wychodz\u0105c od naszej ma\u0142o\u015bci\u201d. Tymi s\u0142owami nasz Minister Generalny br. Carlos TROVARELLI zach\u0119ca\u0142 uczestnik\u00f3w kursu dla misjonarzy franciszka\u0144skich w Ameryce \u0141aci\u0144skiej podczas Eucharystii ko\u0144cz\u0105cej [&hellip;]<\/p>\n","protected":false},"author":1,"featured_media":70936,"comment_status":"closed","ping_status":"open","sticky":false,"template":"","format":"standard","meta":{"ngg_post_thumbnail":0,"footnotes":""},"categories":[137,130,134,149],"tags":[2813,829,1247],"class_list":["post-70940","post","type-post","status-publish","format-standard","has-post-thumbnail","category-rodzina-franciszkanska","category-sgam-pl","category-urzedy-generalne","category-wiadomosci","tag-ameryka-lacinska","tag-kurs-dla-misjonarzy","tag-missionari-pl"],"_links":{"self":[{"href":"https:\/\/www.ofmconv.net\/pl\/wp-json\/wp\/v2\/posts\/70940","targetHints":{"allow":["GET"]}}],"collection":[{"href":"https:\/\/www.ofmconv.net\/pl\/wp-json\/wp\/v2\/posts"}],"about":[{"href":"https:\/\/www.ofmconv.net\/pl\/wp-json\/wp\/v2\/types\/post"}],"author":[{"embeddable":true,"href":"https:\/\/www.ofmconv.net\/pl\/wp-json\/wp\/v2\/users\/1"}],"replies":[{"embeddable":true,"href":"https:\/\/www.ofmconv.net\/pl\/wp-json\/wp\/v2\/comments?post=70940"}],"version-history":[{"count":0,"href":"https:\/\/www.ofmconv.net\/pl\/wp-json\/wp\/v2\/posts\/70940\/revisions"}],"wp:featuredmedia":[{"embeddable":true,"href":"https:\/\/www.ofmconv.net\/pl\/wp-json\/wp\/v2\/media\/70936"}],"wp:attachment":[{"href":"https:\/\/www.ofmconv.net\/pl\/wp-json\/wp\/v2\/media?parent=70940"}],"wp:term":[{"taxonomy":"category","embeddable":true,"href":"https:\/\/www.ofmconv.net\/pl\/wp-json\/wp\/v2\/categories?post=70940"},{"taxonomy":"post_tag","embeddable":true,"href":"https:\/\/www.ofmconv.net\/pl\/wp-json\/wp\/v2\/tags?post=70940"}],"curies":[{"name":"wp","href":"https:\/\/api.w.org\/{rel}","templated":true}]}}