{"id":74495,"date":"2024-10-23T12:56:53","date_gmt":"2024-10-23T10:56:53","guid":{"rendered":"https:\/\/www.ofmconv.net\/tashkent-ritiro-annuale-della-custodia-generale-russa\/"},"modified":"2024-10-23T13:02:06","modified_gmt":"2024-10-23T11:02:06","slug":"tashkent-ritiro-annuale-della-custodia-generale-russa","status":"publish","type":"post","link":"https:\/\/www.ofmconv.net\/pl\/tashkent-ritiro-annuale-della-custodia-generale-russa\/","title":{"rendered":"Taszkent: doroczne rekolekcje rosyjskiej kustodii generalnej"},"content":{"rendered":"<p><strong>W dniach 8-12 pa\u017adziernika 2024 r. w klasztorze franciszkan\u00f3w w Taszkencie odby\u0142y si\u0119 coroczne rekolekcje dla braci z rosyjskiej kustodii generalnej \u015bw. Franciszka z Asy\u017cu.<\/strong><\/p>\n<p>Rozwa\u017cania rekolekcyjne prowadzi\u0142 bp Jerzy MACULEWICZ OFMConv, administrator apostolski w Uzbekistanie. Podstaw\u0105 do refleksji by\u0142y <em>Napomnienia<\/em> \u015bw. Franciszka.<br \/>\nPo zako\u0144czonych rekolekcjach bracia udali si\u0119 na dwa dni do staro\u017cytnej Buchary. W drodze powrotnej, w dniu 15 pa\u017adziernika, odby\u0142o si\u0119 w Taszkencie mi\u0119dzyprowincjalne spotkanie braci z kustodii rosyjskiej, braci z delegatury w Uzbekistanie (obecny by\u0142 minister prowincjalny prowincji \u015bw. Antoniego i b\u0142. Jakuba Strzemi\u0119 w Polsce [Krak\u00f3w] fr. Mariusz KOZIO\u0141) oraz przedstawicieli prowincji Maryi Niepokalanej w Indonezji (minister prowincjalny fr. Maximilianus Kalef SEMBIRING oraz sekretarz fr. Rufinus Ero Jenska PERANGIN-ANGIN). W spotkaniu wzi\u0105\u0142 udzia\u0142 delegat generalny ds. misji fr. Dariusz MAZUREK, a tak\u017ce sekretarz prowincjalny ds. animacji misyjnej z prowincji krakowskiej fr. Dariusz GACZY\u0143SKI.<br \/>\nBracia zgromadzeni w katedrze w Taszkencie wraz z parafianami wys\u0142uchali najpierw kr\u00f3tkich relacji o historii Ko\u015bcio\u0142a katolickiego w Kazachstanie, Rosji i Uzbekistanie, a nast\u0119pnie wszyscy zgromadzeni uczestniczyli w nieszporach. Cz\u0119\u015b\u0107 modlitewn\u0105 spotkania zwie\u0144czy\u0142a Msza \u015bw., kt\u00f3rej przewodniczy\u0142 bp Jerzy MACULEWICZ. Kazanie wyg\u0142osi\u0142 kustosz rosyjskiej kustodii fr. Dariusz HARASIMOWICZ. Wierni z Taszkentu podkre\u015blili, \u017ce nie widzieli jeszcze w katedrze tak wielu braci \u015bw. Franciszka!<br \/>\nOstatni\u0105 i bardzo radosn\u0105 cz\u0119\u015bci\u0105 spotkania by\u0142a wsp\u00f3lna rekreacja w klasztorze.<\/p>\n<p style=\"text-align: right;\">Fr. Dariusz HARASIMOWICZ<\/p>\nngg_shortcode_0_placeholder\n","protected":false},"excerpt":{"rendered":"<p>W dniach 8-12 pa\u017adziernika 2024 r. w klasztorze franciszkan\u00f3w w Taszkencie odby\u0142y si\u0119 coroczne rekolekcje dla braci z rosyjskiej kustodii generalnej \u015bw. Franciszka z Asy\u017cu. Rozwa\u017cania rekolekcyjne prowadzi\u0142 bp Jerzy MACULEWICZ OFMConv, administrator apostolski w Uzbekistanie. Podstaw\u0105 do refleksji by\u0142y Napomnienia \u015bw. Franciszka. Po zako\u0144czonych rekolekcjach bracia udali si\u0119 na dwa dni do staro\u017cytnej Buchary. [&hellip;]<\/p>\n","protected":false},"author":1,"featured_media":74491,"comment_status":"closed","ping_status":"open","sticky":false,"template":"","format":"standard","meta":{"ngg_post_thumbnail":0,"footnotes":""},"categories":[131,113,149],"tags":[372,794],"class_list":["post-74495","post","type-post","status-publish","format-standard","has-post-thumbnail","category-federacje","category-femo-pl","category-wiadomosci","tag-rekolekcje","tag-rosja"],"_links":{"self":[{"href":"https:\/\/www.ofmconv.net\/pl\/wp-json\/wp\/v2\/posts\/74495","targetHints":{"allow":["GET"]}}],"collection":[{"href":"https:\/\/www.ofmconv.net\/pl\/wp-json\/wp\/v2\/posts"}],"about":[{"href":"https:\/\/www.ofmconv.net\/pl\/wp-json\/wp\/v2\/types\/post"}],"author":[{"embeddable":true,"href":"https:\/\/www.ofmconv.net\/pl\/wp-json\/wp\/v2\/users\/1"}],"replies":[{"embeddable":true,"href":"https:\/\/www.ofmconv.net\/pl\/wp-json\/wp\/v2\/comments?post=74495"}],"version-history":[{"count":0,"href":"https:\/\/www.ofmconv.net\/pl\/wp-json\/wp\/v2\/posts\/74495\/revisions"}],"wp:featuredmedia":[{"embeddable":true,"href":"https:\/\/www.ofmconv.net\/pl\/wp-json\/wp\/v2\/media\/74491"}],"wp:attachment":[{"href":"https:\/\/www.ofmconv.net\/pl\/wp-json\/wp\/v2\/media?parent=74495"}],"wp:term":[{"taxonomy":"category","embeddable":true,"href":"https:\/\/www.ofmconv.net\/pl\/wp-json\/wp\/v2\/categories?post=74495"},{"taxonomy":"post_tag","embeddable":true,"href":"https:\/\/www.ofmconv.net\/pl\/wp-json\/wp\/v2\/tags?post=74495"}],"curies":[{"name":"wp","href":"https:\/\/api.w.org\/{rel}","templated":true}]}}