{"id":7568,"date":"2018-06-26T08:38:11","date_gmt":"2018-06-26T07:38:11","guid":{"rendered":"https:\/\/ofmconv.net\/romania-capitolo-spirituale\/"},"modified":"2018-07-06T08:42:24","modified_gmt":"2018-07-06T07:42:24","slug":"romania-capitolo-spirituale","status":"publish","type":"post","link":"https:\/\/www.ofmconv.net\/pl\/romania-capitolo-spirituale\/","title":{"rendered":"Rumunia: kapitu\u0142a duchowa"},"content":{"rendered":"<p><strong>Prowincja \u015bw. J\u00f3zefa Oblubie\u0144ca NMP w Rumunii w dniach 25-26 czerwca (90 zakonnik\u00f3w) i 2-3 lipca 2018 r. (55 zakonnik\u00f3w) zorganizowa\u0142a kapitu\u0142\u0119 duchow\u0105 w Roman na temat: \u201ePan da\u0142 mi braci\u201d (\u201eTestament \u015bw. Franciszka\u201d, nr 14).<\/strong><\/p>\n<p>Zasadnicze rozwa\u017cania g\u0142osili fr. Giovanni SALONIA OFMCap (dla pierwszej grupy) i fr. Emiliano STRINO OFMCap (dla drugiej grupy). W swoich wyst\u0105pieniach rozwin\u0119li trzy punkty: idea\u0142 Franciszka wy\u0142aniaj\u0105cy si\u0119 z jego pism, przeszkody utrudniaj\u0105ce nam spokojne \u017cycie we wsp\u00f3lnocie braterskiej, praktyczne rozwi\u0105zania w pokonywaniu trudno\u015bci braterskich.<br \/>\nNa d\u0142ugiej drodze wiod\u0105cej do stworzenia braterstwa, kt\u00f3re odpowiada na nasze pragnienie szcz\u0119\u015bcia, trzeba wyrobi\u0107 sobie spojrzenie wiary, aby zinterpretowa\u0107 realia \u017cycia wsp\u00f3lnotowego, skupiaj\u0105c si\u0119 nie na tym, \u201ejak\u201d powinna wygl\u0105da\u0107 wsp\u00f3lnota braterska, o kt\u00f3rej Franciszek nigdy nie m\u00f3wi\u0142 (w rozumieniu, jakim kierujemy si\u0119 dzisiaj), ale na tym, \u201ejak\u201d jeste\u015bmy wezwani przez Boga, aby by\u0107 bra\u0107mi, darem (cz\u0119sto dotkni\u0119tym wieloma trudno\u015bciami) jeden dla drugiego. G\u0142\u00f3wne przeszkody w byciu bra\u0107mi (narcyzm, zawi\u015b\u0107 i zazdro\u015b\u0107) mo\u017cna pokona\u0107 pokor\u0105, zastanawiaj\u0105c si\u0119 nad w\u0142asnym \u017cyciem (kruche), zobowi\u0105zuj\u0105c si\u0119 do zobaczenia brata poprzez wiar\u0119, b\u0119d\u0105c \u015bwiadomym, \u017ce nie ma prawdy bez mi\u0142o\u015bci, staraj\u0105c si\u0119 odkry\u0107 coraz bardziej uczuciow\u0105 warto\u015b\u0107 \u017cycia duchowego. D\u0142uga jest to droga, ale \u0142aska Bo\u017ca jest obfita.<\/p>\n<p style=\"text-align: right;\">Fr. Cristian CLOPO\u0162EL<\/p>\nngg_shortcode_0_placeholder\n","protected":false},"excerpt":{"rendered":"<p>Prowincja \u015bw. J\u00f3zefa Oblubie\u0144ca NMP w Rumunii w dniach 25-26 czerwca (90 zakonnik\u00f3w) i 2-3 lipca 2018 r. (55 zakonnik\u00f3w) zorganizowa\u0142a kapitu\u0142\u0119 duchow\u0105 w Roman na temat: \u201ePan da\u0142 mi braci\u201d (\u201eTestament \u015bw. Franciszka\u201d, nr 14). Zasadnicze rozwa\u017cania g\u0142osili fr. Giovanni SALONIA OFMCap (dla pierwszej grupy) i fr. Emiliano STRINO OFMCap (dla drugiej grupy). W [&hellip;]<\/p>\n","protected":false},"author":1,"featured_media":7563,"comment_status":"closed","ping_status":"open","sticky":false,"template":"","format":"standard","meta":{"ngg_post_thumbnail":0,"footnotes":""},"categories":[131,118,149],"tags":[193,1048,1044,1047],"class_list":["post-7568","post","type-post","status-publish","format-standard","has-post-thumbnail","category-federacje","category-fimp-pl","category-wiadomosci","tag-kapitula","tag-kapitula-duchowa","tag-roman-pl","tag-ruminia"],"_links":{"self":[{"href":"https:\/\/www.ofmconv.net\/pl\/wp-json\/wp\/v2\/posts\/7568","targetHints":{"allow":["GET"]}}],"collection":[{"href":"https:\/\/www.ofmconv.net\/pl\/wp-json\/wp\/v2\/posts"}],"about":[{"href":"https:\/\/www.ofmconv.net\/pl\/wp-json\/wp\/v2\/types\/post"}],"author":[{"embeddable":true,"href":"https:\/\/www.ofmconv.net\/pl\/wp-json\/wp\/v2\/users\/1"}],"replies":[{"embeddable":true,"href":"https:\/\/www.ofmconv.net\/pl\/wp-json\/wp\/v2\/comments?post=7568"}],"version-history":[{"count":0,"href":"https:\/\/www.ofmconv.net\/pl\/wp-json\/wp\/v2\/posts\/7568\/revisions"}],"wp:featuredmedia":[{"embeddable":true,"href":"https:\/\/www.ofmconv.net\/pl\/wp-json\/wp\/v2\/media\/7563"}],"wp:attachment":[{"href":"https:\/\/www.ofmconv.net\/pl\/wp-json\/wp\/v2\/media?parent=7568"}],"wp:term":[{"taxonomy":"category","embeddable":true,"href":"https:\/\/www.ofmconv.net\/pl\/wp-json\/wp\/v2\/categories?post=7568"},{"taxonomy":"post_tag","embeddable":true,"href":"https:\/\/www.ofmconv.net\/pl\/wp-json\/wp\/v2\/tags?post=7568"}],"curies":[{"name":"wp","href":"https:\/\/api.w.org\/{rel}","templated":true}]}}