{"id":7594,"date":"2018-07-06T18:53:52","date_gmt":"2018-07-06T17:53:52","guid":{"rendered":"https:\/\/ofmconv.net\/argentina-e-uruguay-visita-canonica\/"},"modified":"2018-07-06T18:59:38","modified_gmt":"2018-07-06T17:59:38","slug":"argentina-e-uruguay-visita-canonica","status":"publish","type":"post","link":"https:\/\/www.ofmconv.net\/pl\/argentina-e-uruguay-visita-canonica\/","title":{"rendered":"Argentyna i Urugwaj: wizytacja kanoniczna"},"content":{"rendered":"<p><strong>Od ko\u0144ca maja do ko\u0144ca czerwca 2018 r. w prowincji \u015bw. Antoniego z Padwy w Argentynie i Urugwaju odby\u0142a si\u0119 wizytacja kanoniczna generalna, kt\u00f3r\u0105 przeprowadzi\u0142 fr. Joaqu\u00edn AGESTA CUEVAS, asystent generalny FIMP (Federazione Intermediterranea Ministri Provinciali) i delegat ministra generalnego wyznaczony do tego celu.<\/strong><\/p>\n<p>Prowincja \u015bwi\u0119towa\u0142a swoje 70-lecie jako misja w\u0142oskiej prowincji \u015bw. Antoniego z Padwy (dawniej prowincja padewska), b\u0119d\u0105c najpierw kustodi\u0105, a od lat 90. prowincj\u0105.<br \/>\nLiczy 40 zakonnik\u00f3w, w wi\u0119kszo\u015bci Urugwajczyk\u00f3w i Argenty\u0144czyk\u00f3w, inni pochodz\u0105 z W\u0142och i nale\u017c\u0105 do grona najstarszych. Jest 8 wsp\u00f3lnot: 2 w Urugwaju i 6 w Argentynie. Zakonnicy prowadz\u0105 7 o\u015brodk\u00f3w szkolnych na r\u00f3\u017cnych poziomach. Obok szk\u00f3\u0142 znajduje si\u0119 kilka parafii, kt\u00f3re s\u0105 zespolone z wieloma kaplicami, aby skierowa\u0107 uwag\u0119 duszpastersk\u0105 na najbardziej ubogie obszary wiejskie i na peryferia wielkich miast, jak Buenos Aires. Kaplice mieszcz\u0105 si\u0119 w miejscach prawdziwej biedy i przest\u0119pczo\u015bci, gdzie nasi bracia pos\u0142uguj\u0105 z odwag\u0105 i po\u015bwi\u0119ceniem, ciesz\u0105c si\u0119 szacunkiem od wszystkich.<br \/>\nWsp\u00f3lnota prowincjalna jest nape\u0142niona rado\u015bci\u0105 ze wzgl\u0119du na blisk\u0105 beatyfikacj\u0119 fr. Carlos De Dios MURIAS, zamordowanego podczas represji wojskowych w latach 70. razem z bp. Enrique ANGELELLI i dwoma innymi wsp\u00f3\u0142towarzyszami. Papie\u017c Franciszek podpisa\u0142 ju\u017c dekret beatyfikacyjny.<br \/>\nZe wzgl\u0119du na zmniejszenie liczbowe i brak powo\u0142a\u0144, prowincja przechodzi przez etap przemy\u015ble\u0144 na temat koniecznej odnowy, podobnie jak wiele innych naszych prowincji na Zachodzie Europy i gdzie indziej.<br \/>\nNale\u017cy uzna\u0107 warto\u015b\u0107 \u015bwiadectwa i wysi\u0142ku misyjnego wielu zakonnik\u00f3w z dawnej prowincji padewskiej, kt\u00f3rzy oddali \u017cycie, aby m\u00f3g\u0142 powsta\u0107, umocni\u0107 si\u0119 i rozwin\u0105\u0107 zakon na tej ziemi, bogatej w wiele ludzkich, spo\u0142ecznych i duchowych mo\u017cliwo\u015bci.<\/p>\n<p style=\"text-align: right;\">Fr. Joaqu\u00edn AGESTA CUEVAS, asystent generalny FIMP, wizytator<\/p>\nngg_shortcode_0_placeholder\n","protected":false},"excerpt":{"rendered":"<p>Od ko\u0144ca maja do ko\u0144ca czerwca 2018 r. w prowincji \u015bw. Antoniego z Padwy w Argentynie i Urugwaju odby\u0142a si\u0119 wizytacja kanoniczna generalna, kt\u00f3r\u0105 przeprowadzi\u0142 fr. Joaqu\u00edn AGESTA CUEVAS, asystent generalny FIMP (Federazione Intermediterranea Ministri Provinciali) i delegat ministra generalnego wyznaczony do tego celu. Prowincja \u015bwi\u0119towa\u0142a swoje 70-lecie jako misja w\u0142oskiej prowincji \u015bw. Antoniego z [&hellip;]<\/p>\n","protected":false},"author":1,"featured_media":7589,"comment_status":"closed","ping_status":"open","sticky":false,"template":"","format":"standard","meta":{"ngg_post_thumbnail":0,"footnotes":""},"categories":[108,131,149],"tags":[1055,645],"class_list":["post-7594","post","type-post","status-publish","format-standard","has-post-thumbnail","category-falc-pl","category-federacje","category-wiadomosci","tag-argentyna-urugwaj","tag-wizytacja"],"_links":{"self":[{"href":"https:\/\/www.ofmconv.net\/pl\/wp-json\/wp\/v2\/posts\/7594","targetHints":{"allow":["GET"]}}],"collection":[{"href":"https:\/\/www.ofmconv.net\/pl\/wp-json\/wp\/v2\/posts"}],"about":[{"href":"https:\/\/www.ofmconv.net\/pl\/wp-json\/wp\/v2\/types\/post"}],"author":[{"embeddable":true,"href":"https:\/\/www.ofmconv.net\/pl\/wp-json\/wp\/v2\/users\/1"}],"replies":[{"embeddable":true,"href":"https:\/\/www.ofmconv.net\/pl\/wp-json\/wp\/v2\/comments?post=7594"}],"version-history":[{"count":0,"href":"https:\/\/www.ofmconv.net\/pl\/wp-json\/wp\/v2\/posts\/7594\/revisions"}],"wp:featuredmedia":[{"embeddable":true,"href":"https:\/\/www.ofmconv.net\/pl\/wp-json\/wp\/v2\/media\/7589"}],"wp:attachment":[{"href":"https:\/\/www.ofmconv.net\/pl\/wp-json\/wp\/v2\/media?parent=7594"}],"wp:term":[{"taxonomy":"category","embeddable":true,"href":"https:\/\/www.ofmconv.net\/pl\/wp-json\/wp\/v2\/categories?post=7594"},{"taxonomy":"post_tag","embeddable":true,"href":"https:\/\/www.ofmconv.net\/pl\/wp-json\/wp\/v2\/tags?post=7594"}],"curies":[{"name":"wp","href":"https:\/\/api.w.org\/{rel}","templated":true}]}}