{"id":76249,"date":"2024-12-09T13:29:02","date_gmt":"2024-12-09T12:29:02","guid":{"rendered":"https:\/\/www.ofmconv.net\/la-famiglia-francescana-ditalia-con-branduardi-nel-centenario-del-cantico\/"},"modified":"2024-12-09T13:32:46","modified_gmt":"2024-12-09T12:32:46","slug":"la-famiglia-francescana-ditalia-con-branduardi-nel-centenario-del-cantico","status":"publish","type":"post","link":"https:\/\/www.ofmconv.net\/pl\/la-famiglia-francescana-ditalia-con-branduardi-nel-centenario-del-cantico\/","title":{"rendered":"W\u0142oska rodzina franciszka\u0144ska z\u00a0BRANDUARDIM w\u00a0rocznic\u0119 <i>Pie\u015bni s\u0142onecznej<\/i>"},"content":{"rendered":"<p><strong>Rok 2025 b\u0119dzie dla nas, franciszkan\u00f3w, wyj\u0105tkowym czasem ze wzgl\u0119du na 800. rocznic\u0119 <em>Pie\u015bni s\u0142onecznej<\/em> i obchody Roku \u015awi\u0119tego w Ko\u015bciele powszechnym.<\/strong><\/p>\n<p>S\u0105 to dwa wydarzenia, kt\u00f3re rzucaj\u0105 nam wyzwanie i prowadz\u0105 nas ku wi\u0119kszemu zaanga\u017cowaniu ko\u015bcielnemu oraz ku lepszemu poznaniu i rozpowszechnieniu przes\u0142ania \u015bw. Franciszka poprzez inicjatywy o wielkiej g\u0142\u0119bi duchowej i kulturowej.<br \/>\nW ramach r\u00f3\u017cnych obchod\u00f3w zwi\u0105zanych z <em>Pie\u015bni\u0105 s\u0142oneczn\u0105<\/em>, napisan\u0105 przez serafickiego ojca na rok przed \u015bmierci\u0105 i niemal niewidomego, rok 2025 upami\u0119tni s\u0142ynn\u0105 poetyck\u0105 kompozycj\u0119 w literaturze w\u0142oskiej i b\u0119dzie okazj\u0105 do wy\u015bpiewania \u201epochwa\u0142y Bogu najwy\u017cszemu\u201d na placach, w teatrach i ko\u015bcio\u0142ach za po\u015brednictwem znanego autora tekst\u00f3w i w\u0119drownego \u015bpiewaka Angelo BRANDUARDI.<br \/>\nWydarzenie jest obj\u0119te patronatem rodziny franciszka\u0144skiej we W\u0142oszech, a w roku jubileuszowym 2000 mia\u0142o zaplanowanych ponad 150 koncert\u00f3w we W\u0142oszech i w Europie.<br \/>\nKoncerty zostan\u0105 wznowione r\u00f3wnie\u017c w roku jubileuszowym 2025, a artysta i jego orkiestra ponownie podejm\u0105 projekt <em>L\u2019infinitamente piccolo<\/em> (<em>Niesko\u0144czenie ma\u0142y<\/em>) z 11 utworami skomponowanymi we wsp\u00f3\u0142pracy z Ennio MORRICONE, Franco BATTIATO, I Madredeus, La Nuova Compagnia di Canto Popolare i z wykorzystaniem bardzo popularnego utworu <em>Pie\u015b\u0144 s\u0142oneczna<\/em>.<br \/>\nW celu wznowienia tego wydarzenia przewodnicz\u0105cy rodziny franciszka\u0144skiej we W\u0142oszech fr. Gaspare LA BARBERA zwr\u00f3ci\u0142 si\u0119 do komitetu odpowiedzialnego za obchody osiemsetlecia franciszka\u0144skiego o patronowanie trzem koncertom, kt\u00f3re odb\u0119d\u0105 si\u0119 w Watykanie, w Asy\u017cu i podczas jubileuszu m\u0142odzie\u017cy w Tor Vergata. Obecnie oczekuje si\u0119 na odpowied\u017a.<br \/>\nZ my\u015bl\u0105 o jak najlepszym zrealizowaniu projektu rada prezydialna ministr\u00f3w prowincjalnych czterech konferencji (OFM, OFMConv, OFMCap i TOR) delegowa\u0142a fr. Paolo FIASCONARO, aby zadba\u0142 o kontakty z organizatorami. W tych dniach rozes\u0142a\u0142 on pismo do wszystkich wsp\u00f3lnot franciszka\u0144skich we W\u0142oszech, do cz\u0142onk\u00f3w FZ\u015a i do r\u00f3\u017cnych o\u015brodk\u00f3w franciszka\u0144skich na \u015bwiecie, aby zaprosili artyst\u0119 do zorganizowania koncert\u00f3w z okazji \u015bwi\u0105t patronalnych, wydarze\u0144 kulturalnych i letnich imprez. Chodzi o zaprezentowanie <em>Laudato si\u2019<\/em> szerokiej publiczno\u015bci na placach i w teatrach w wykonaniu \u015bwieckiego piosenkarza i autora tekst\u00f3w, kt\u00f3ry zaanga\u017cowa\u0142 wierz\u0105cych i niewierz\u0105cych, m\u0142odzie\u017c i swoich wielbicieli.<br \/>\nPonadto bracia s\u0105 proszeni o zwr\u00f3cenie si\u0119 do instytucji publicznych (gmin, prowincji i region\u00f3w) z pro\u015bb\u0105 o zorganizowanie koncert\u00f3w, by uczci\u0107 jubileusz ko\u015bcielny i jednocze\u015bnie przybli\u017cy\u0107 <em>Pie\u015b\u0144 s\u0142oneczn\u0105<\/em> w roku osiemsetlecia franciszka\u0144skiego.<\/p>\n<p>Wszystkie koncerty b\u0119d\u0105 mia\u0142y r\u00f3wnie\u017c cel charytatywny na rzecz wsparcia misji franciszka\u0144skich na ca\u0142ym \u015bwiecie.<\/p>\n<p style=\"text-align: right;\">Fr. Paolo FIASCONARIO<br \/>\ndelegat rodziny franciszka\u0144skiej we W\u0142oszech<\/p>\n<p><iframe loading=\"lazy\" title=\"Angelo Branduardi - Cantico delle creature\" width=\"696\" height=\"392\" src=\"https:\/\/www.youtube.com\/embed\/ZCLupHnhti0?wmode=transparent&amp;rel=0&amp;feature=oembed\" frameborder=\"0\" allow=\"accelerometer; autoplay; clipboard-write; encrypted-media; gyroscope; picture-in-picture; web-share\" referrerpolicy=\"strict-origin-when-cross-origin\" allowfullscreen><\/iframe><\/p>\nngg_shortcode_0_placeholder\n","protected":false},"excerpt":{"rendered":"<p>Rok 2025 b\u0119dzie dla nas, franciszkan\u00f3w, wyj\u0105tkowym czasem ze wzgl\u0119du na 800. rocznic\u0119 Pie\u015bni s\u0142onecznej i obchody Roku \u015awi\u0119tego w Ko\u015bciele powszechnym. S\u0105 to dwa wydarzenia, kt\u00f3re rzucaj\u0105 nam wyzwanie i prowadz\u0105 nas ku wi\u0119kszemu zaanga\u017cowaniu ko\u015bcielnemu oraz ku lepszemu poznaniu i rozpowszechnieniu przes\u0142ania \u015bw. Franciszka poprzez inicjatywy o wielkiej g\u0142\u0119bi duchowej i kulturowej. W [&hellip;]<\/p>\n","protected":false},"author":1,"featured_media":76245,"comment_status":"closed","ping_status":"open","sticky":false,"template":"","format":"standard","meta":{"ngg_post_thumbnail":0,"footnotes":""},"categories":[131,118,137,149],"tags":[2963,2355],"class_list":["post-76249","post","type-post","status-publish","format-standard","has-post-thumbnail","category-federacje","category-fimp-pl","category-rodzina-franciszkanska","category-wiadomosci","tag-angelo-branduardi-pl","tag-jubileusz-800-lecia"],"_links":{"self":[{"href":"https:\/\/www.ofmconv.net\/pl\/wp-json\/wp\/v2\/posts\/76249","targetHints":{"allow":["GET"]}}],"collection":[{"href":"https:\/\/www.ofmconv.net\/pl\/wp-json\/wp\/v2\/posts"}],"about":[{"href":"https:\/\/www.ofmconv.net\/pl\/wp-json\/wp\/v2\/types\/post"}],"author":[{"embeddable":true,"href":"https:\/\/www.ofmconv.net\/pl\/wp-json\/wp\/v2\/users\/1"}],"replies":[{"embeddable":true,"href":"https:\/\/www.ofmconv.net\/pl\/wp-json\/wp\/v2\/comments?post=76249"}],"version-history":[{"count":0,"href":"https:\/\/www.ofmconv.net\/pl\/wp-json\/wp\/v2\/posts\/76249\/revisions"}],"wp:featuredmedia":[{"embeddable":true,"href":"https:\/\/www.ofmconv.net\/pl\/wp-json\/wp\/v2\/media\/76245"}],"wp:attachment":[{"href":"https:\/\/www.ofmconv.net\/pl\/wp-json\/wp\/v2\/media?parent=76249"}],"wp:term":[{"taxonomy":"category","embeddable":true,"href":"https:\/\/www.ofmconv.net\/pl\/wp-json\/wp\/v2\/categories?post=76249"},{"taxonomy":"post_tag","embeddable":true,"href":"https:\/\/www.ofmconv.net\/pl\/wp-json\/wp\/v2\/tags?post=76249"}],"curies":[{"name":"wp","href":"https:\/\/api.w.org\/{rel}","templated":true}]}}