{"id":76740,"date":"2024-12-18T12:59:08","date_gmt":"2024-12-18T11:59:08","guid":{"rendered":"https:\/\/www.ofmconv.net\/malta-la-provincia-ofmconv-riceve-la-piu-alta-onorificenza-nazionale\/"},"modified":"2024-12-18T13:02:05","modified_gmt":"2024-12-18T12:02:05","slug":"malta-la-provincia-ofmconv-riceve-la-piu-alta-onorificenza-nazionale","status":"publish","type":"post","link":"https:\/\/www.ofmconv.net\/pl\/malta-la-provincia-ofmconv-riceve-la-piu-alta-onorificenza-nazionale\/","title":{"rendered":"Malta: prowincja franciszkan\u00f3w otrzyma\u0142a najwy\u017csze odznaczenie pa\u0144stwowe"},"content":{"rendered":"<p><strong>13 grudnia 2024 r. min\u0119\u0142a 50. rocznica powstania Republiki Malty. W tym samym dniu prowincja \u015bw. Paw\u0142a Aposto\u0142a na Malcie otrzyma\u0142a \u201e\u0120ie\u0127 ir-Repubblika\u201d (\u201eHo\u0142d Republiki\u201d), najwy\u017csze odznaczenie pa\u0144stwa malta\u0144skiego.<\/strong><\/p>\n<p>Nagroda zosta\u0142a wr\u0119czona przez prezydent Malty Myriam SPITERI DEBONO podczas uroczystej ceremonii w pa\u0142acu prezydenckim w stolicy Valletcie. Prowincja otrzyma\u0142a to wyr\u00f3\u017cnienie za prac\u0119, jak\u0105 jej trzej wsp\u00f3\u0142bracia, fr. Mario SANT, fr. Joseph FORMOSA i fr. Stephen BORG, wykonali w ci\u0105gu ostatnich dziesi\u0119ciu lat dla malta\u0144skich pacjent\u00f3w w Londynie. Pracowali oni w oko\u0142o pi\u0119tnastu szpitalach specjalizuj\u0105cych si\u0119 w r\u00f3\u017cnych metodach leczenia, a tak\u017ce opiekowali si\u0119 malta\u0144skimi pacjentami tam, gdzie mieszkali ze swoimi rodzinami podczas korzystania z opieki medycznej w Londynie.<br \/>\nDzi\u0119kujemy Panu Bogu za wszelkie dobro. Niech to b\u0119dzie czas \u0142aski dla nas wszystkich. Wyra\u017caj\u0105c wdzi\u0119czno\u015b\u0107 fr. Mario, fr. Josephowi i fr. Stephenowi, kt\u00f3rzy prowadzili i prowadz\u0105 t\u0119 misj\u0119, nie przestawajmy modli\u0107 si\u0119 za nich.<\/p>\n<p style=\"text-align: right;\">Fr. Robert CALLEJA<\/p>\nngg_shortcode_0_placeholder\n","protected":false},"excerpt":{"rendered":"<p>13 grudnia 2024 r. min\u0119\u0142a 50. rocznica powstania Republiki Malty. W tym samym dniu prowincja \u015bw. Paw\u0142a Aposto\u0142a na Malcie otrzyma\u0142a \u201e\u0120ie\u0127 ir-Repubblika\u201d (\u201eHo\u0142d Republiki\u201d), najwy\u017csze odznaczenie pa\u0144stwa malta\u0144skiego. Nagroda zosta\u0142a wr\u0119czona przez prezydent Malty Myriam SPITERI DEBONO podczas uroczystej ceremonii w pa\u0142acu prezydenckim w stolicy Valletcie. Prowincja otrzyma\u0142a to wyr\u00f3\u017cnienie za prac\u0119, jak\u0105 jej [&hellip;]<\/p>\n","protected":false},"author":1,"featured_media":76736,"comment_status":"closed","ping_status":"open","sticky":false,"template":"","format":"standard","meta":{"ngg_post_thumbnail":0,"footnotes":""},"categories":[131,118,149],"tags":[1163],"class_list":["post-76740","post","type-post","status-publish","format-standard","has-post-thumbnail","category-federacje","category-fimp-pl","category-wiadomosci","tag-malta-pl"],"_links":{"self":[{"href":"https:\/\/www.ofmconv.net\/pl\/wp-json\/wp\/v2\/posts\/76740","targetHints":{"allow":["GET"]}}],"collection":[{"href":"https:\/\/www.ofmconv.net\/pl\/wp-json\/wp\/v2\/posts"}],"about":[{"href":"https:\/\/www.ofmconv.net\/pl\/wp-json\/wp\/v2\/types\/post"}],"author":[{"embeddable":true,"href":"https:\/\/www.ofmconv.net\/pl\/wp-json\/wp\/v2\/users\/1"}],"replies":[{"embeddable":true,"href":"https:\/\/www.ofmconv.net\/pl\/wp-json\/wp\/v2\/comments?post=76740"}],"version-history":[{"count":0,"href":"https:\/\/www.ofmconv.net\/pl\/wp-json\/wp\/v2\/posts\/76740\/revisions"}],"wp:featuredmedia":[{"embeddable":true,"href":"https:\/\/www.ofmconv.net\/pl\/wp-json\/wp\/v2\/media\/76736"}],"wp:attachment":[{"href":"https:\/\/www.ofmconv.net\/pl\/wp-json\/wp\/v2\/media?parent=76740"}],"wp:term":[{"taxonomy":"category","embeddable":true,"href":"https:\/\/www.ofmconv.net\/pl\/wp-json\/wp\/v2\/categories?post=76740"},{"taxonomy":"post_tag","embeddable":true,"href":"https:\/\/www.ofmconv.net\/pl\/wp-json\/wp\/v2\/tags?post=76740"}],"curies":[{"name":"wp","href":"https:\/\/api.w.org\/{rel}","templated":true}]}}