{"id":77817,"date":"2025-01-29T13:13:07","date_gmt":"2025-01-29T12:13:07","guid":{"rendered":"https:\/\/www.ofmconv.net\/la-xxxiv-assemblea-missionaria-con-gli-animatori-pellegrini-di-speranza\/"},"modified":"2025-01-29T13:17:24","modified_gmt":"2025-01-29T12:17:24","slug":"la-xxxiv-assemblea-missionaria-con-gli-animatori-pellegrini-di-speranza","status":"publish","type":"post","link":"https:\/\/www.ofmconv.net\/pl\/la-xxxiv-assemblea-missionaria-con-gli-animatori-pellegrini-di-speranza\/","title":{"rendered":"XXXIV zgromadzenie misyjne z\u00a0animatorami \u201ePielgrzymi nadziei\u201d"},"content":{"rendered":"<p><strong>Doroczne zgromadzenie misyjne pod has\u0142em <em>Misjonarze z powo\u0142ania, wolni, by s\u0142u\u017cy\u0107, pielgrzymi nadziei<\/em> zosta\u0142o zorganizowane przez franciszka\u0144skie centrum misyjne FIMP (Federazione Intermediterranea Ministri Provinciali) w dniach 20-23 stycznia 2025 r. w Seraphicum w Rzymie.<\/strong><\/p>\n<p>W spotkaniu wzi\u0119li udzia\u0142 animatorzy misyjni z jurysdykcji FIMP pochodz\u0105cy z W\u0142och, Polski, Hiszpanii i Rumunii, a tak\u017ce niekt\u00f3rzy \u015bwieccy wsp\u00f3\u0142pracownicy wsp\u00f3\u0142braci z lokalnych o\u015brodk\u00f3w misyjnych.<br \/>\nIntensywne dni up\u0142ywa\u0142y pod znakiem modlitwy i refleksji. Czterech prelegent\u00f3w przedstawi\u0142o tematyk\u0119 bogat\u0105 w idee i skoncentrowan\u0105 na prze\u017cywaniu drogi wiary, pomagaj\u0105c \u201eotwiera\u0107 drzwi\u201d sercem i umys\u0142em w perspektywie cnoty nadziei, s\u0142u\u017cebnicy wiary i mi\u0142o\u015bci.<br \/>\nW pierwszym dniu prof. Marco BARTOLI, ekspert w dziedzinie franciszkanizmu i \u015bwiecki cz\u0142onek wsp\u00f3lnoty \u015bw. Idziego, prze\u015bledzi\u0142 w kontek\u015bcie odniesie\u0144 biblijnych i odno\u015bnik\u00f3w do \u017ar\u00f3de\u0142 franciszka\u0144skich drog\u0119 \u015bw. Franciszka, \u015bwiadka i \u017cywego przyk\u0142adu \u201emisjonarza otwartego na \u015bwiat i na wyzwania swoich czas\u00f3w\u201d.<br \/>\nPo po\u0142udniu rumu\u0144ski wsp\u00f3\u0142brat fr. Marius-Petru B\u00ceLHA, b\u0119d\u0105cy przez kilka lat misjonarzem mi\u0142osierdzia w Hondurasie, Boliwii i Kolumbii, w swoim wyst\u0105pieniu zach\u0119ci\u0142 animator\u00f3w do bycia \u201eKo\u015bcio\u0142em fartucha\u201d (ks. Tonino Bello), aby prze\u017cywa\u0107 swoj\u0105 w\u0119dr\u00f3wk\u0119 w kreatywno\u015bci, na spos\u00f3b franciszka\u0144ski, \u201eewangelizuj\u0105c sercem\u201d.<br \/>\nDrugi dzie\u0144 rozpocz\u0105\u0142 si\u0119 od udzia\u0142u w audiencji z papie\u017cem Franciszkiem w auli Paw\u0142a VI. Zaraz po niej uczestnicy konferencji zostali przyj\u0119ci w penitencjarii watyka\u0144skiej przez rektora kolegium fr. Vincenzo COSATTI. Nast\u0119pnie asystent generalny FIMP fr. Giovanni VOLTAN wprowadzi\u0142 wszystkich w atmosfer\u0119 oczekiwania i przygotowania do przej\u015bcia przez drzwi \u015bwi\u0119te, odczytuj\u0105c ciekawsze wyj\u0105tki z bulli jubileuszowej papie\u017ca Franciszka <em>Spes non confundit<\/em>.<br \/>\nPo przerwie obiadowej, o godz. 15, pielgrzymi, poprzedzani krzy\u017cem jubileuszowym, udali si\u0119 pieszo wzd\u0142u\u017c via della Conciliazione do bazyliki \u015bw. Piotra, przechodz\u0105c przez drzwi \u015bwi\u0119te i odmawiaj\u0105c <em>Credo<\/em> przed grobem \u015bw. Piotra.<br \/>\nTrzeciego dnia sekretarz generalny ds. animacji misyjnej fr. Dariusz MAZUREK zilustrowa\u0142 konkretnymi i charyzmatycznymi przyk\u0142adami potrzeb\u0119 \u201eutrzymywania drzwi naszego \u017cycia szeroko otwartych na misj\u0119\u201d, co wyra\u017ca postaw\u0119 przylgni\u0119cia do Chrystusa, kt\u00f3ry idzie w misyjnym zaanga\u017cowaniu i w codziennej historii z ka\u017cdym z nas.<br \/>\nLiturgiom wsp\u00f3lnotowym przewodniczyli wikariusz generalny fr. Jan MACIEJOWSKI, asystent generalny FIMP fr. Giovanni VOLTAN oraz chi\u0144ski wsp\u00f3\u0142brat fr. Paolo LIU.<br \/>\nIstotnym punktem spotkania by\u0142o oficjalne zainaugurowanie obchod\u00f3w stulecia misji w Chinach (1925-2025) oraz prezentacja ksi\u0105\u017cki napisanej przez fr. Paolo FIASCONARO i fr. Matteo LUO, opowiadaj\u0105cej o wydarzeniach historycznych poprzedzaj\u0105cych otwarcie misji oraz o \u017cyciu i dzia\u0142alno\u015bci franciszkan\u00f3w na chi\u0144skiej ziemi w ci\u0105gu 27 lat ich obecno\u015bci w latach 1925-1952.<\/p>\n<p style=\"text-align: right;\">Fr. Paolo FIASCONARO, dyrektor centrum misyjnego FIMP<\/p>\nngg_shortcode_0_placeholder\n","protected":false},"excerpt":{"rendered":"<p>Doroczne zgromadzenie misyjne pod has\u0142em Misjonarze z powo\u0142ania, wolni, by s\u0142u\u017cy\u0107, pielgrzymi nadziei zosta\u0142o zorganizowane przez franciszka\u0144skie centrum misyjne FIMP (Federazione Intermediterranea Ministri Provinciali) w dniach 20-23 stycznia 2025 r. w Seraphicum w Rzymie. W spotkaniu wzi\u0119li udzia\u0142 animatorzy misyjni z jurysdykcji FIMP pochodz\u0105cy z W\u0142och, Polski, Hiszpanii i Rumunii, a tak\u017ce niekt\u00f3rzy \u015bwieccy wsp\u00f3\u0142pracownicy [&hellip;]<\/p>\n","protected":false},"author":1,"featured_media":77813,"comment_status":"closed","ping_status":"open","sticky":false,"template":"","format":"standard","meta":{"ngg_post_thumbnail":0,"footnotes":""},"categories":[131,118,130,149],"tags":[815,2999],"class_list":["post-77817","post","type-post","status-publish","format-standard","has-post-thumbnail","category-federacje","category-fimp-pl","category-sgam-pl","category-wiadomosci","tag-centrum-misyjne","tag-zgromadzenie-misyjne"],"_links":{"self":[{"href":"https:\/\/www.ofmconv.net\/pl\/wp-json\/wp\/v2\/posts\/77817","targetHints":{"allow":["GET"]}}],"collection":[{"href":"https:\/\/www.ofmconv.net\/pl\/wp-json\/wp\/v2\/posts"}],"about":[{"href":"https:\/\/www.ofmconv.net\/pl\/wp-json\/wp\/v2\/types\/post"}],"author":[{"embeddable":true,"href":"https:\/\/www.ofmconv.net\/pl\/wp-json\/wp\/v2\/users\/1"}],"replies":[{"embeddable":true,"href":"https:\/\/www.ofmconv.net\/pl\/wp-json\/wp\/v2\/comments?post=77817"}],"version-history":[{"count":0,"href":"https:\/\/www.ofmconv.net\/pl\/wp-json\/wp\/v2\/posts\/77817\/revisions"}],"wp:featuredmedia":[{"embeddable":true,"href":"https:\/\/www.ofmconv.net\/pl\/wp-json\/wp\/v2\/media\/77813"}],"wp:attachment":[{"href":"https:\/\/www.ofmconv.net\/pl\/wp-json\/wp\/v2\/media?parent=77817"}],"wp:term":[{"taxonomy":"category","embeddable":true,"href":"https:\/\/www.ofmconv.net\/pl\/wp-json\/wp\/v2\/categories?post=77817"},{"taxonomy":"post_tag","embeddable":true,"href":"https:\/\/www.ofmconv.net\/pl\/wp-json\/wp\/v2\/tags?post=77817"}],"curies":[{"name":"wp","href":"https:\/\/api.w.org\/{rel}","templated":true}]}}