{"id":78287,"date":"2025-02-12T13:38:57","date_gmt":"2025-02-12T12:38:57","guid":{"rendered":"https:\/\/www.ofmconv.net\/polonia-cracovia-nuovi-accoliti-e-lettori\/"},"modified":"2025-02-12T13:41:29","modified_gmt":"2025-02-12T12:41:29","slug":"polonia-cracovia-nuovi-accoliti-e-lettori","status":"publish","type":"post","link":"https:\/\/www.ofmconv.net\/pl\/polonia-cracovia-nuovi-accoliti-e-lettori\/","title":{"rendered":"Polska-Krak\u00f3w: nowi akolici i\u00a0lektorzy"},"content":{"rendered":"<p><strong>W niedziel\u0119 9 lutego 2025 r. w bazylice franciszkan\u00f3w w Krakowie czterech braci kleryk\u00f3w zosta\u0142o wprowadzonych w pos\u0142ug\u0119 lektora (fr. Dariusz DZIUBACKI, fr. Karol HABEREK, fr. Demyan MYSAKOVETS i fr. Eryk WALCZYSZEWSKI) i czterech w pos\u0142ug\u0119 akolity (fr. Francis ASIIMWE, fr. Mi\u0142osz M\u0118\u017bYK, fr. Francis MUSAANYA i fr. Marcin SARNA).<\/strong><\/p>\n<p>\u201ePrzyjmij ksi\u0119g\u0119 Pisma \u015awi\u0119tego i wiernie przekazuj s\u0142owo Bo\u017ce, aby coraz mocniej dzia\u0142a\u0142o w sercach ludzkich\u201d \u2013 m\u00f3wi\u0142 minister prowincjalny prowincji \u015bw. Antoniego i b\u0142. Jakuba Strzemi\u0119 w Polsce (Krak\u00f3w) fr. Mariusz KOZIO\u0141 do nowo ustanowionych lektor\u00f3w.<br \/>\nLektorzy b\u0119d\u0105 czyta\u0107 s\u0142owo Bo\u017ce podczas liturgii, b\u0119d\u0105 przygotowywa\u0107 ludzi do godnego przyj\u0119cia sakrament\u00f3w. B\u0119d\u0105 te\u017c g\u0142osi\u0107 or\u0119dzie zbawienia ludziom, kt\u00f3rzy jeszcze go nie znaj\u0105.<br \/>\n\u201ePrzyjmij naczynie z chlebem do sprawowania Eucharystii i tak post\u0119puj, aby\u015b m\u00f3g\u0142 godnie s\u0142u\u017cy\u0107 Ko\u015bcio\u0142owi przy stole Pa\u0144skim\u201d \u2013 m\u00f3wi\u0142 z kolei minister prowincjalny do nowych akolit\u00f3w.<br \/>\nAkolici b\u0119d\u0105 pomaga\u0107 prezbiterom i diakonom w wykonywaniu ich urz\u0119du i jako nadzwyczajni szafarze udziela\u0107 Komunii \u015bw. wiernym, a tak\u017ce zanosi\u0107 j\u0105 chorym.<br \/>\nMinister prowincjalny prosi\u0142 braci, aby nigdy nie zas\u0142aniali sob\u0105 Pana Boga; aby On zawsze by\u0142 pierwszy; aby byli pokorni jak przysta\u0142o na braci mniejszych; aby byli wierni; aby do\u015bwiadczali blisko\u015bci, \u015bwi\u0119to\u015bci i mocy Boga. Zach\u0119ca\u0142 ponadto seminarzyst\u00f3w do za\u017cy\u0142ej relacji z Panem Bogiem przez modlitw\u0119 i adoracj\u0119, do na\u015bladowania Jezusa Chrystusa ca\u0142ym swoim \u017cyciem.<br \/>\nPos\u0142ugi lektoratu i akolitatu s\u0105 dla braci kleryk\u00f3w kolejnymi etapami w drodze do \u015bwi\u0119ce\u0144 prezbiteratu.<\/p>\n<p style=\"text-align: right;\">Tekst i zdj\u0119cia: fr. Jan M. SZEWEK i fr. Miko\u0142aj G\u00d6PPINGER<\/p>\nngg_shortcode_0_placeholder\n","protected":false},"excerpt":{"rendered":"<p>W niedziel\u0119 9 lutego 2025 r. w bazylice franciszkan\u00f3w w Krakowie czterech braci kleryk\u00f3w zosta\u0142o wprowadzonych w pos\u0142ug\u0119 lektora (fr. Dariusz DZIUBACKI, fr. Karol HABEREK, fr. Demyan MYSAKOVETS i fr. Eryk WALCZYSZEWSKI) i czterech w pos\u0142ug\u0119 akolity (fr. Francis ASIIMWE, fr. Mi\u0142osz M\u0118\u017bYK, fr. Francis MUSAANYA i fr. Marcin SARNA). \u201ePrzyjmij ksi\u0119g\u0119 Pisma \u015awi\u0119tego i [&hellip;]<\/p>\n","protected":false},"author":1,"featured_media":78283,"comment_status":"closed","ping_status":"open","sticky":false,"template":"","format":"standard","meta":{"ngg_post_thumbnail":0,"footnotes":""},"categories":[131,113,149],"tags":[2440,1774],"class_list":["post-78287","post","type-post","status-publish","format-standard","has-post-thumbnail","category-federacje","category-femo-pl","category-wiadomosci","tag-akolitat","tag-polska-krakow"],"_links":{"self":[{"href":"https:\/\/www.ofmconv.net\/pl\/wp-json\/wp\/v2\/posts\/78287","targetHints":{"allow":["GET"]}}],"collection":[{"href":"https:\/\/www.ofmconv.net\/pl\/wp-json\/wp\/v2\/posts"}],"about":[{"href":"https:\/\/www.ofmconv.net\/pl\/wp-json\/wp\/v2\/types\/post"}],"author":[{"embeddable":true,"href":"https:\/\/www.ofmconv.net\/pl\/wp-json\/wp\/v2\/users\/1"}],"replies":[{"embeddable":true,"href":"https:\/\/www.ofmconv.net\/pl\/wp-json\/wp\/v2\/comments?post=78287"}],"version-history":[{"count":0,"href":"https:\/\/www.ofmconv.net\/pl\/wp-json\/wp\/v2\/posts\/78287\/revisions"}],"wp:featuredmedia":[{"embeddable":true,"href":"https:\/\/www.ofmconv.net\/pl\/wp-json\/wp\/v2\/media\/78283"}],"wp:attachment":[{"href":"https:\/\/www.ofmconv.net\/pl\/wp-json\/wp\/v2\/media?parent=78287"}],"wp:term":[{"taxonomy":"category","embeddable":true,"href":"https:\/\/www.ofmconv.net\/pl\/wp-json\/wp\/v2\/categories?post=78287"},{"taxonomy":"post_tag","embeddable":true,"href":"https:\/\/www.ofmconv.net\/pl\/wp-json\/wp\/v2\/tags?post=78287"}],"curies":[{"name":"wp","href":"https:\/\/api.w.org\/{rel}","templated":true}]}}