{"id":80919,"date":"2025-05-07T13:40:05","date_gmt":"2025-05-07T11:40:05","guid":{"rendered":"https:\/\/www.ofmconv.net\/brasile-x-giornata-giovanile-francescana\/"},"modified":"2025-05-07T13:59:34","modified_gmt":"2025-05-07T11:59:34","slug":"brasile-x-giornata-giovanile-francescana","status":"publish","type":"post","link":"https:\/\/www.ofmconv.net\/pl\/brasile-x-giornata-giovanile-francescana\/","title":{"rendered":"Brazylia: X\u00a0franciszka\u0144ski dzie\u0144 m\u0142odzie\u017cy"},"content":{"rendered":"<p><strong>W dniach 1-4 maja 2025 r. w \u201eDomu Kolbego\u201d w Ca\u00e7apava (S\u00e3o Paulo, Brazylia) zorganizowano X franciszka\u0144ski dzie\u0144 m\u0142odzie\u017cy pod has\u0142em: <em>&#8230;Ze wszystkimi Twoimi stworzeniami<\/em>. Wzi\u0119\u0142o w nim udzia\u0142 ponad 60 m\u0142odych ludzi z parafii franciszka\u0144skich w miastach, w kt\u00f3rych pos\u0142uguj\u0105 nasi wsp\u00f3\u0142bracia: Santo Andr\u00e9, Ca\u00e7apava, Mogi das Cruzes, Santa B\u00e1rbara D\u2019Oeste, Curitiba, Guarania\u00e7u i Para\u00edba do Sul.<\/strong><\/p>\n<p>Zaj\u0119cia rozpocz\u0119\u0142y si\u0119 1 maja obiadem, po kt\u00f3rym fr. Reinaldo Azevedo DA SILVA poprowadzi\u0142 konferencj\u0119 formacyjn\u0105 pt. <em>Str\u00f3\u017ce stworzenia<\/em>. Nast\u0119pnie m\u0142odzie\u017c uczestniczy\u0142a we Mszy \u015bw., a potem sp\u0119dzi\u0142a czas na prezentacji poszczeg\u00f3lnych wsp\u00f3lnot. Wiecz\u00f3r zosta\u0142 ubogacony bratersk\u0105 rozmow\u0105 z ministrem prowincjalnym prowincji \u015bw. Franciszka z Asy\u017cu w Brazylii fr. Jos\u00e9 Hugo DA SILVA SANTOS, a zako\u0144czy\u0142 si\u0119 adoracj\u0105 eucharystyczn\u0105.<br \/>\nDrugi dzie\u0144 rozpocz\u0105\u0142 si\u0119 Msz\u0105 \u015bw. pod przewodnictwem fr. Gustavo Ionas ROCHA DE MEDEIROS. Nast\u0119pnie m\u0142odzie\u017c wyruszy\u0142a na misj\u0119, ewangelizuj\u0105c na ulicach miasta, co p\u00f3\u017aniej zosta\u0142o zwie\u0144czone spotkaniem na placu \u201ePra\u00e7a da Bandeira\u201d. Po po\u0142udniu g\u0142\u00f3wny temat by\u0142 rozwijany w ramach warsztat\u00f3w prowadzonych przez fr. Reinaldo, fr. Gustavo, fr. Alexandre PATUCCI DE LIMA, fr. Ricardo Elvis ARRUDA BEZERRA i s. Ang\u00e9lic\u0119 ze \u015bwieckiego instytutu katechistek misjonarek \u015bw. Franciszka z Asy\u017cu. Pod koniec dnia powr\u00f3cono wspomnieniami do poprzednich edycji spotka\u0144, co zaprezentowa\u0142 fr. Fl\u00e1vio Martins VEN\u00c2NCIO. Ostatnim punktem programu by\u0142 wyst\u0119p zespo\u0142u \u201eThe Freis\u201d i \u201eBalada da Jornada\u201d.<br \/>\nTrzeci dzie\u0144 rozpocz\u0105\u0142 si\u0119 Msz\u0105 \u015bw. i konferencj\u0105 na temat <em>Pochwa\u0142y stworze\u0144<\/em>, przy czym by\u0142 p\u00f3\u017aniej czas na wymian\u0119 my\u015bli i dzielenie si\u0119 refleksjami. Po po\u0142udniu prze\u017cyto intensywne i modlitewne chwile <em>Laudato si\u2019<\/em> z \u201emodlitw\u0105 przed stworzeniem\u201d w duchu \u015bw. Franciszka z Asy\u017cu i wezwania papie\u017ca Franciszka do ekologii integralnej. Na koniec by\u0142 tradycyjny wieczorek braterski, przebiegaj\u0105cy pod znakiem rado\u015bci, biesiadowania i symbolicznego \u201eogniska franciszka\u0144skiego\u201d.<br \/>\nOstatni dzie\u0144 po\u015bwi\u0119cony by\u0142 na ocen\u0119 spotkania i podzielenie si\u0119 swoimi do\u015bwiadczeniami i sugestiami. Na zako\u0144czenie fr. Fl\u00e1vio Martins VEN\u00c2NCIO sprawowa\u0142 Msz\u0119 \u015bw., kt\u00f3ra z wdzi\u0119czno\u015bci\u0105 i nadziej\u0105 przypiecz\u0119towa\u0142a dni sp\u0119dzone w braterstwie, na modlitwie i aktywno\u015bci misyjnej.<\/p>\n<p style=\"text-align: right;\">Fr. Gustavo Ionas ROCHA DE MEDEIROS<\/p>\nngg_shortcode_0_placeholder\n","protected":false},"excerpt":{"rendered":"<p>W dniach 1-4 maja 2025 r. w \u201eDomu Kolbego\u201d w Ca\u00e7apava (S\u00e3o Paulo, Brazylia) zorganizowano X franciszka\u0144ski dzie\u0144 m\u0142odzie\u017cy pod has\u0142em: &#8230;Ze wszystkimi Twoimi stworzeniami. Wzi\u0119\u0142o w nim udzia\u0142 ponad 60 m\u0142odych ludzi z parafii franciszka\u0144skich w miastach, w kt\u00f3rych pos\u0142uguj\u0105 nasi wsp\u00f3\u0142bracia: Santo Andr\u00e9, Ca\u00e7apava, Mogi das Cruzes, Santa B\u00e1rbara D\u2019Oeste, Curitiba, Guarania\u00e7u i [&hellip;]<\/p>\n","protected":false},"author":1,"featured_media":80915,"comment_status":"closed","ping_status":"open","sticky":false,"template":"","format":"standard","meta":{"ngg_post_thumbnail":0,"footnotes":""},"categories":[108,131,149],"tags":[400,1171],"class_list":["post-80919","post","type-post","status-publish","format-standard","has-post-thumbnail","category-falc-pl","category-federacje","category-wiadomosci","tag-brazylia","tag-mlodziez"],"_links":{"self":[{"href":"https:\/\/www.ofmconv.net\/pl\/wp-json\/wp\/v2\/posts\/80919","targetHints":{"allow":["GET"]}}],"collection":[{"href":"https:\/\/www.ofmconv.net\/pl\/wp-json\/wp\/v2\/posts"}],"about":[{"href":"https:\/\/www.ofmconv.net\/pl\/wp-json\/wp\/v2\/types\/post"}],"author":[{"embeddable":true,"href":"https:\/\/www.ofmconv.net\/pl\/wp-json\/wp\/v2\/users\/1"}],"replies":[{"embeddable":true,"href":"https:\/\/www.ofmconv.net\/pl\/wp-json\/wp\/v2\/comments?post=80919"}],"version-history":[{"count":0,"href":"https:\/\/www.ofmconv.net\/pl\/wp-json\/wp\/v2\/posts\/80919\/revisions"}],"wp:featuredmedia":[{"embeddable":true,"href":"https:\/\/www.ofmconv.net\/pl\/wp-json\/wp\/v2\/media\/80915"}],"wp:attachment":[{"href":"https:\/\/www.ofmconv.net\/pl\/wp-json\/wp\/v2\/media?parent=80919"}],"wp:term":[{"taxonomy":"category","embeddable":true,"href":"https:\/\/www.ofmconv.net\/pl\/wp-json\/wp\/v2\/categories?post=80919"},{"taxonomy":"post_tag","embeddable":true,"href":"https:\/\/www.ofmconv.net\/pl\/wp-json\/wp\/v2\/tags?post=80919"}],"curies":[{"name":"wp","href":"https:\/\/api.w.org\/{rel}","templated":true}]}}