{"id":8200,"date":"2018-07-25T16:34:14","date_gmt":"2018-07-25T14:34:14","guid":{"rendered":"https:\/\/ofmconv.net\/malta-incontro-formatori-fimp\/"},"modified":"2018-07-25T16:37:41","modified_gmt":"2018-07-25T14:37:41","slug":"malta-incontro-formatori-fimp","status":"publish","type":"post","link":"https:\/\/www.ofmconv.net\/pl\/malta-incontro-formatori-fimp\/","title":{"rendered":"Malta: spotkanie wychowawc\u00f3w FIMP"},"content":{"rendered":"<p><strong>Po roku przerwy, spowodowanej kapitu\u0142ami prowincjalnymi odbywaj\u0105cymi si\u0119 w 2017 r., wznowiono spotkanie FIMP (Federazione Intermediterranea Ministri Provinciali). Mia\u0142o ono miejsce na wyspie Malta, w mie\u015bcie Birkirkara, gdzie zakonnicy z prowincji malta\u0144skiej maj\u0105 ko\u015bci\u00f3\u0142, o\u015brodek komunikacji i dom rekolekcyjny.<\/strong><\/p>\n<p>Spotkanie odby\u0142o si\u0119 w dniach 16-20 lipca 2018 r. w rodzinnej atmosferze okazanej serdecznym przyj\u0119ciem i go\u015bcinno\u015bci\u0105 ze strony braci malta\u0144skich.<br \/>\nPowitanie ministra prowincjalnego z Malty fr. George ZAMMIT wprowadzi\u0142o i rozpocz\u0119\u0142o spotkanie z udzia\u0142em sporej liczby wychowawc\u00f3w.<br \/>\nTemat wybrany na tegoroczne spotkanie brzmia\u0142: \u201eFormacja i \u0142\u0105czno\u015b\u0107\u201d. Jak\u017ce\u017c bardzo \u015bwiat cyfrowy, prowadz\u0105cy do epokowej transformacji pod ka\u017cdym wzgl\u0119dem, zmieni\u0142 postrzeganie czasu i przestrzeni. Zmieni\u0142 styl \u017cycia, spos\u00f3b my\u015blenia i dzia\u0142ania, kr\u00f3tko m\u00f3wi\u0105c, stoimy w obliczu prawdziwego i faktycznego prze\u0142omu antropologicznego. St\u0105d te\u017c czym\u015b wa\u017cnym wydawa\u0142o si\u0119 wsp\u00f3lne podj\u0119cie konfrontacji z wyzwaniami, kt\u00f3re te zmiany stawiaj\u0105 naszym programom wychowawczym, ale te\u017c nam samym.<br \/>\nKs. Eric CACHIA, salezjanin malta\u0144ski posiadaj\u0105cy do\u015bwiadczenie r\u00f3wnie\u017c w dziedzinie formacji, swoimi dwoma prelekcjami pom\u00f3g\u0142 wychowawcom wej\u015b\u0107 w zagadnienie.<br \/>\nW pierwszym wyst\u0105pieniu zilustrowa\u0142 temat zaczynaj\u0105c od socjologicznego opisu \u015bwiata ludzi m\u0142odych, nawi\u0105zuj\u0105c do niekt\u00f3rych studi\u00f3w o pod\u0142o\u017cu angielskim i ameryka\u0144skim, kt\u00f3re por\u00f3wnuj\u0105 r\u00f3\u017cnice pomi\u0119dzy wcze\u015bniejszymi i dzisiejszymi pokoleniami, podkre\u015blaj\u0105c, jak w formacji istotne jest pobudzanie \u201eproces\u00f3w\u201d. St\u0105d podstawowym zadaniem wychowawcy jest towarzyszenie, jego rol\u0105 jest wspieranie swoim do\u015bwiadczeniem m\u0142odych ludzi, wyruszaj\u0105c z nimi w drog\u0119.<br \/>\nW drugim rozwa\u017caniu, nosz\u0105cym tytu\u0142: \u201eOblicze do odnowienia\u201d, ukaza\u0142, jak wa\u017cne jest odzyskiwanie proroczego wymiaru m\u0142odzie\u017cy, na co wskazuje r\u00f3wnie\u017c papie\u017c Franciszek w swoim magisterium.<br \/>\nPod koniec obydwu wyst\u0105pie\u0144 by\u0142 odpowiedni czas na podzielenie si\u0119 przemy\u015bleniami mi\u0119dzy ks. Eric i uczestnikami. Z pewno\u015bci\u0105 nie mo\u017cna by\u0142o om\u00f3wi\u0107 tego tematu w spos\u00f3b wyczerpuj\u0105cy, ale warto by\u0142o zacz\u0105\u0107 od pyta\u0144 i por\u00f3wna\u0144, wymieni\u0107 opinie, my\u015bli i metody wychowawcze, kt\u00f3re dotycz\u0105 tego i innych aspekt\u00f3w formacji.<br \/>\nW spotkaniu wzi\u0105\u0142 udzia\u0142 tak\u017ce fr. Louis PANTHIRUVELIL, sekretarz generalny ds. formacji (SGF), kt\u00f3ry zobrazowa\u0142 wyzwania formacyjne pojawiaj\u0105ce si\u0119 dzi\u015b w r\u00f3\u017cnych federacjach i konferencjach zakonu, wskazuj\u0105c podstawowe kierunki dla formacji franciszka\u0144skiej.<br \/>\nW programie przewidziano te\u017c dzie\u0144 braterski na wyspie Gozo, udaj\u0105c si\u0119 z pielgrzymk\u0105 do najwa\u017cniejszego sanktuarium narodowego Matki Bo\u017cej z Ta\u2019 Pinu. Potem z\u0142o\u017cono wizyt\u0119 w naszym klasztorze i ko\u015bciele \u015bw. Antoniego Padewskiego. Dzie\u0144 braterski zako\u0144czy\u0142 si\u0119 po po\u0142udniu kr\u00f3tkim zanurzeniem w morzu z czystymi wodami otaczaj\u0105cymi wybrze\u017ce wyspy.<\/p>\n<p style=\"text-align: right;\">Fr. Alessandro PERISSINOTO<\/p>\nngg_shortcode_0_placeholder\n","protected":false},"excerpt":{"rendered":"<p>Po roku przerwy, spowodowanej kapitu\u0142ami prowincjalnymi odbywaj\u0105cymi si\u0119 w 2017 r., wznowiono spotkanie FIMP (Federazione Intermediterranea Ministri Provinciali). Mia\u0142o ono miejsce na wyspie Malta, w mie\u015bcie Birkirkara, gdzie zakonnicy z prowincji malta\u0144skiej maj\u0105 ko\u015bci\u00f3\u0142, o\u015brodek komunikacji i dom rekolekcyjny. Spotkanie odby\u0142o si\u0119 w dniach 16-20 lipca 2018 r. w rodzinnej atmosferze okazanej serdecznym przyj\u0119ciem i [&hellip;]<\/p>\n","protected":false},"author":1,"featured_media":8194,"comment_status":"closed","ping_status":"open","sticky":false,"template":"","format":"standard","meta":{"ngg_post_thumbnail":0,"footnotes":""},"categories":[131,118,149],"tags":[609,1255,1163,661],"class_list":["post-8200","post","type-post","status-publish","format-standard","has-post-thumbnail","category-federacje","category-fimp-pl","category-wiadomosci","tag-formacja","tag-formazione-pl","tag-malta-pl","tag-wychowawcy"],"_links":{"self":[{"href":"https:\/\/www.ofmconv.net\/pl\/wp-json\/wp\/v2\/posts\/8200","targetHints":{"allow":["GET"]}}],"collection":[{"href":"https:\/\/www.ofmconv.net\/pl\/wp-json\/wp\/v2\/posts"}],"about":[{"href":"https:\/\/www.ofmconv.net\/pl\/wp-json\/wp\/v2\/types\/post"}],"author":[{"embeddable":true,"href":"https:\/\/www.ofmconv.net\/pl\/wp-json\/wp\/v2\/users\/1"}],"replies":[{"embeddable":true,"href":"https:\/\/www.ofmconv.net\/pl\/wp-json\/wp\/v2\/comments?post=8200"}],"version-history":[{"count":0,"href":"https:\/\/www.ofmconv.net\/pl\/wp-json\/wp\/v2\/posts\/8200\/revisions"}],"wp:featuredmedia":[{"embeddable":true,"href":"https:\/\/www.ofmconv.net\/pl\/wp-json\/wp\/v2\/media\/8194"}],"wp:attachment":[{"href":"https:\/\/www.ofmconv.net\/pl\/wp-json\/wp\/v2\/media?parent=8200"}],"wp:term":[{"taxonomy":"category","embeddable":true,"href":"https:\/\/www.ofmconv.net\/pl\/wp-json\/wp\/v2\/categories?post=8200"},{"taxonomy":"post_tag","embeddable":true,"href":"https:\/\/www.ofmconv.net\/pl\/wp-json\/wp\/v2\/tags?post=8200"}],"curies":[{"name":"wp","href":"https:\/\/api.w.org\/{rel}","templated":true}]}}