{"id":84483,"date":"2025-06-18T12:06:38","date_gmt":"2025-06-18T10:06:38","guid":{"rendered":"https:\/\/www.ofmconv.net\/uganda-inaugurazione-del-corso-interfrancescano-per-missionari-in-africa\/"},"modified":"2025-06-18T12:09:38","modified_gmt":"2025-06-18T10:09:38","slug":"uganda-inaugurazione-del-corso-interfrancescano-per-missionari-in-africa","status":"publish","type":"post","link":"https:\/\/www.ofmconv.net\/pl\/uganda-inaugurazione-del-corso-interfrancescano-per-missionari-in-africa\/","title":{"rendered":"Uganda: inauguracja mi\u0119dzyfranciszka\u0144skiego kursu dla misjonarzy w\u00a0Afryce"},"content":{"rendered":"<p><strong>Mi\u0119dzyfranciszka\u0144ski kurs dla misjonarzy w Afryce (IMCA 2025) zosta\u0142 oficjalnie zainaugurowany 16 czerwca 2025 r. w sanktuarium m\u0119czennik\u00f3w \u015bw. Karola Lwangi i towarzyszy w Munyonyo (Kampala) i potrwa do 9 sierpnia 2025 r. Reprezentowane s\u0105 trzy rodziny Pierwszego Zakonu franciszka\u0144skiego: Zakon Braci Mniejszych Konwentualnych, Zakon Braci Mniejszych Kapucyn\u00f3w i Zakon Braci Mniejszych. W sumie jest obecnych 19 zakonnik\u00f3w (15 uczestnik\u00f3w, 3 animator\u00f3w i 1 koordynator) z poszczeg\u00f3lnych ga\u0142\u0119zi franciszka\u0144skich.<\/strong><\/p>\n<p>W kursie bierze udzia\u0142 siedmiu braci mniejszych konwentualnych z Zambii, Ghany, Malawi i Kenii. W\u015br\u00f3d animator\u00f3w jest fr. Nathan Mumbi KAKUBO, uczestnik kursu sprzed trzech lat, a dzi\u015b misjonarz w Malawi.<br \/>\nPodczas kursu zostanie poruszonych kilka temat\u00f3w: og\u00f3lne aspekty kontynentu afryka\u0144skiego, historia ewangelizacji w Afryce, podstawy misjologii, misja i ekonomia, inkulturacja, obecno\u015b\u0107 Maryi w Afryce, misja, dialog i pojednanie oraz wyzwania wsp\u00f3\u0142czesnego \u201eareopagu\u201d. Tematyka zostanie rozwini\u0119ta przez braci nale\u017c\u0105cych do r\u00f3\u017cnych ram Pierwszego Zakonu franciszka\u0144skiego.<br \/>\nUczestnicy wyra\u017caj\u0105 pragnienie, \u017ce odwiedz\u0105 ich ministrowie generalni i asystenci generalni. Je\u015bli chodzi o nasz Zakon, to minister generalny fr. Carlos TROVARELLI oraz nowo wybrany asystent generalny AFCOF (African Federation of Conventual Franciscans) fr. Blasio Ooko OLENGE potwierdzili ju\u017c swoje przybycie na zako\u0144czenie kursu.<\/p>\n<p style=\"text-align: right;\">Fr. Nathan Mumbi KAKUBO<br \/>\nFr. Dariusz MAZUREK<\/p>\nngg_shortcode_0_placeholder\n","protected":false},"excerpt":{"rendered":"<p>Mi\u0119dzyfranciszka\u0144ski kurs dla misjonarzy w Afryce (IMCA 2025) zosta\u0142 oficjalnie zainaugurowany 16 czerwca 2025 r. w sanktuarium m\u0119czennik\u00f3w \u015bw. Karola Lwangi i towarzyszy w Munyonyo (Kampala) i potrwa do 9 sierpnia 2025 r. Reprezentowane s\u0105 trzy rodziny Pierwszego Zakonu franciszka\u0144skiego: Zakon Braci Mniejszych Konwentualnych, Zakon Braci Mniejszych Kapucyn\u00f3w i Zakon Braci Mniejszych. W sumie jest [&hellip;]<\/p>\n","protected":false},"author":1,"featured_media":84479,"comment_status":"closed","ping_status":"open","sticky":false,"template":"","format":"standard","meta":{"ngg_post_thumbnail":0,"footnotes":""},"categories":[100,131,137,130,134,149],"tags":[2525,829,1410],"class_list":["post-84483","post","type-post","status-publish","format-standard","has-post-thumbnail","category-afcof-pl","category-federacje","category-rodzina-franciszkanska","category-sgam-pl","category-urzedy-generalne","category-wiadomosci","tag-imca-pl","tag-kurs-dla-misjonarzy","tag-uganda-en-pl"],"_links":{"self":[{"href":"https:\/\/www.ofmconv.net\/pl\/wp-json\/wp\/v2\/posts\/84483","targetHints":{"allow":["GET"]}}],"collection":[{"href":"https:\/\/www.ofmconv.net\/pl\/wp-json\/wp\/v2\/posts"}],"about":[{"href":"https:\/\/www.ofmconv.net\/pl\/wp-json\/wp\/v2\/types\/post"}],"author":[{"embeddable":true,"href":"https:\/\/www.ofmconv.net\/pl\/wp-json\/wp\/v2\/users\/1"}],"replies":[{"embeddable":true,"href":"https:\/\/www.ofmconv.net\/pl\/wp-json\/wp\/v2\/comments?post=84483"}],"version-history":[{"count":0,"href":"https:\/\/www.ofmconv.net\/pl\/wp-json\/wp\/v2\/posts\/84483\/revisions"}],"wp:featuredmedia":[{"embeddable":true,"href":"https:\/\/www.ofmconv.net\/pl\/wp-json\/wp\/v2\/media\/84479"}],"wp:attachment":[{"href":"https:\/\/www.ofmconv.net\/pl\/wp-json\/wp\/v2\/media?parent=84483"}],"wp:term":[{"taxonomy":"category","embeddable":true,"href":"https:\/\/www.ofmconv.net\/pl\/wp-json\/wp\/v2\/categories?post=84483"},{"taxonomy":"post_tag","embeddable":true,"href":"https:\/\/www.ofmconv.net\/pl\/wp-json\/wp\/v2\/tags?post=84483"}],"curies":[{"name":"wp","href":"https:\/\/api.w.org\/{rel}","templated":true}]}}