{"id":85389,"date":"2025-07-04T12:56:32","date_gmt":"2025-07-04T10:56:32","guid":{"rendered":"https:\/\/www.ofmconv.net\/cambio-di-guardia-al-centro-missionario-fimp\/"},"modified":"2025-07-04T13:01:23","modified_gmt":"2025-07-04T11:01:23","slug":"cambio-di-guardia-al-centro-missionario-fimp","status":"publish","type":"post","link":"https:\/\/www.ofmconv.net\/pl\/cambio-di-guardia-al-centro-missionario-fimp\/","title":{"rendered":"Zmiana dyrektora w\u00a0centrum misyjnym FIMP"},"content":{"rendered":"<h3><strong>Misja franciszka\u0144ska trwa nadal\u2026<\/strong><\/h3>\n<p><strong>W dniu 19 czerwca 2025 r. zgromadzenie FIMP (Federazione Intermediterranea Ministri Provinciali), po wybraniu nowej rady prezydialnej, mianowa\u0142o fr. Luciana-Mihai BOB\u00c2RNAC, nale\u017c\u0105cego do prowincji \u015bw. J\u00f3zefa Oblubie\u0144ca NMP w Rumunii, nowym dyrektorem franciszka\u0144skiego centrum misyjnego.<\/strong><\/p>\n<p>Nowy dyrektor zast\u0119puje fr. Paolo FIASCONARO, kt\u00f3ry kierowa\u0142 centrum przez 12 lat, od 2013 r. do dzi\u015b, za\u015b obejmie to stanowisko w okresie letnim i b\u0119dzie r\u00f3wnie\u017c wsp\u00f3\u0142pracownikiem biura ds. projekt\u00f3w, a ponadto od lutego 2025 r. jest tak\u017ce dyrektorem Bynode, fundacji Zakonu zajmuj\u0105cej si\u0119 projektami rozwoju spo\u0142eczno-gospodarczego w krajach misyjnych.<br \/>\nFr. Lucian-Mihai BOB\u00c2RNAC urodzi\u0142 si\u0119 4 czerwca 1980 r. w Bukareszcie w Rumunii i zosta\u0142 wy\u015bwi\u0119cony na kap\u0142ana w 2008 r. Na pocz\u0105tku swojej pos\u0142ugi by\u0142 odpowiedzialny za sekretariat i dystrybucj\u0119 czasopisma \u201eMessaggero di Sant\u2019Antonio\u201d w j\u0119zyku rumu\u0144skim. Przez 5 lat pracowa\u0142 w duszpasterstwie w Irlandii i Anglii, a przez ostatnie 10 lat by\u0142 prezesem fundacji PACEA, rumu\u0144skiej organizacji dzia\u0142aj\u0105cej w dziedzinie rozwoju spo\u0142eczno-edukacyjnego i spo\u0142eczno-ekonomicznego. W zwi\u0105zku z kryzysem wojennym w Ukrainie odby\u0142 tam kilka podr\u00f3\u017cy z pomoc\u0105 humanitarn\u0105.<br \/>\nDotychczasowy dyrektor, fr. Paolo FIASCONARO, opr\u00f3cz sta\u0142ego kontaktu z misjonarzami i prowincjalnymi animatorami misyjnymi oraz organizowania dorocznych zgromadze\u0144 misyjnych (obecnie XXXIV edycja), wsp\u00f3\u0142pracowa\u0142 z biurem ds. projekt\u00f3w Zakonu, z centrum misyjnym wikariatu Rzymu jako cz\u0142onek rady diecezjalnej oraz z konferencj\u0105 episkopatu W\u0142och. Uczestniczy\u0142 w spotkaniach zwo\u0142ywanych przez ministerstwo spraw zagranicznych i G7 z w\u0142oskimi misjonarzami. By\u0142 redaktorem naczelnym i dyrektorem wydawniczym zas\u0142u\u017conego czasopisma \u201eIl Missionario Francescano\u201d, za\u0142o\u017conego w 1933 r. (nale\u017c\u0105cego do Zakonu i przekazanego centrum w 2014 r.), a tak\u017ce agencji prasowej \u201eMissioConvInforma\u201d. Przygotowa\u0142 do druku dwie publikacje: <em>Andate e annunziate&#8230;<\/em> (<em>Id\u017acie i g\u0142o\u015bcie&#8230;<\/em>) o aktualnej obecno\u015bci braci mniejszych konwentualnych na misjach w \u015bwiecie, a ponadto <em>Cina \u2013 L\u2019alba missionaria dei Frati Minori Conventuali<\/em> (<em>Chiny \u2013 \u015bwit misyjny braci mniejszych konwentualnych<\/em>) na temat stulecia otwarcia misji w Chinach (1925-2025), co sta\u0142o si\u0119 okazj\u0105 do animacji misyjnej podczas kapitu\u0142 w\u0142oskich prowincji i podczas kapitu\u0142y generalnej, jak r\u00f3wnie\u017c w domach formacyjnych FIMP i na zgromadzeniu si\u00f3str klarysek urbanistek. W dziedzinie ewangelizacji przez 10 lat (2014-2024) prowadzi\u0142 interesuj\u0105c\u0105 inicjatyw\u0119 animacji misyjnej na nabrze\u017cach Tybru podczas trzech letnich miesi\u0119cy, spotykaj\u0105c si\u0119 z dwoma milionami odwiedzaj\u0105cych, kt\u00f3rzy latem do\u015bwiadczaj\u0105 \u201emovida romana\u201d. Wzmocni\u0142 instytucj\u0119 \u201eadopcji na odleg\u0142o\u015b\u0107\u201d, zw\u0142aszcza w Boliwii, Kenii, Peru, Ugandzie i Zambii. Przez lata, przed pandemi\u0105, odwiedza\u0142 misje franciszka\u0144skie (nie tylko FIMP) w r\u00f3\u017cnych krajach: Brazylii, Wenezueli, Peru, Ghanie, Kenii, Ugandzie, Tanzanii i Chinach, nagrywaj\u0105c filmy dokumentalne na temat odwiedzanych o\u015brodk\u00f3w misyjnych (YouTube: kana\u0142 misyjny ofmconv).<br \/>\n\u017byczymy fr. Lucianowi-Mihai BOB\u00c2RNAC dobrego startu w jego dzia\u0142alno\u015bci, maj\u0105c pewno\u015b\u0107, \u017ce jego do\u015bwiadczenie jeszcze bardziej ubogaci centrum misyjne FIMP, wezwane dzi\u015b do zrobienia kolejnego kroku naprz\u00f3d i udzielenia odpowiedzi na oczekiwania ludzko\u015bci, kt\u00f3ra zawsze potrzebuje wiarygodnych \u015bwiadk\u00f3w i konkretnych gest\u00f3w solidarno\u015bci.<\/p>\n<p style=\"text-align: right;\">Fr. Paolo FIASCONARO<\/p>\nngg_shortcode_0_placeholder\n","protected":false},"excerpt":{"rendered":"<p>Misja franciszka\u0144ska trwa nadal\u2026 W dniu 19 czerwca 2025 r. zgromadzenie FIMP (Federazione Intermediterranea Ministri Provinciali), po wybraniu nowej rady prezydialnej, mianowa\u0142o fr. Luciana-Mihai BOB\u00c2RNAC, nale\u017c\u0105cego do prowincji \u015bw. J\u00f3zefa Oblubie\u0144ca NMP w Rumunii, nowym dyrektorem franciszka\u0144skiego centrum misyjnego. Nowy dyrektor zast\u0119puje fr. Paolo FIASCONARO, kt\u00f3ry kierowa\u0142 centrum przez 12 lat, od 2013 r. do [&hellip;]<\/p>\n","protected":false},"author":1,"featured_media":85385,"comment_status":"closed","ping_status":"open","sticky":false,"template":"","format":"standard","meta":{"ngg_post_thumbnail":0,"footnotes":""},"categories":[144,149],"tags":[815],"class_list":["post-85389","post","type-post","status-publish","format-standard","has-post-thumbnail","category-ufficio-comunicazioni-pl","category-wiadomosci","tag-centrum-misyjne"],"_links":{"self":[{"href":"https:\/\/www.ofmconv.net\/pl\/wp-json\/wp\/v2\/posts\/85389","targetHints":{"allow":["GET"]}}],"collection":[{"href":"https:\/\/www.ofmconv.net\/pl\/wp-json\/wp\/v2\/posts"}],"about":[{"href":"https:\/\/www.ofmconv.net\/pl\/wp-json\/wp\/v2\/types\/post"}],"author":[{"embeddable":true,"href":"https:\/\/www.ofmconv.net\/pl\/wp-json\/wp\/v2\/users\/1"}],"replies":[{"embeddable":true,"href":"https:\/\/www.ofmconv.net\/pl\/wp-json\/wp\/v2\/comments?post=85389"}],"version-history":[{"count":0,"href":"https:\/\/www.ofmconv.net\/pl\/wp-json\/wp\/v2\/posts\/85389\/revisions"}],"wp:featuredmedia":[{"embeddable":true,"href":"https:\/\/www.ofmconv.net\/pl\/wp-json\/wp\/v2\/media\/85385"}],"wp:attachment":[{"href":"https:\/\/www.ofmconv.net\/pl\/wp-json\/wp\/v2\/media?parent=85389"}],"wp:term":[{"taxonomy":"category","embeddable":true,"href":"https:\/\/www.ofmconv.net\/pl\/wp-json\/wp\/v2\/categories?post=85389"},{"taxonomy":"post_tag","embeddable":true,"href":"https:\/\/www.ofmconv.net\/pl\/wp-json\/wp\/v2\/tags?post=85389"}],"curies":[{"name":"wp","href":"https:\/\/api.w.org\/{rel}","templated":true}]}}