{"id":88570,"date":"2025-09-29T13:09:45","date_gmt":"2025-09-29T11:09:45","guid":{"rendered":"https:\/\/www.ofmconv.net\/viterbo-celebrato-il-centenario-della-missione-in-cina-con-le-sorelle-clarisse\/"},"modified":"2025-09-29T13:14:21","modified_gmt":"2025-09-29T11:14:21","slug":"viterbo-celebrato-il-centenario-della-missione-in-cina-con-le-sorelle-clarisse","status":"publish","type":"post","link":"https:\/\/www.ofmconv.net\/pl\/viterbo-celebrato-il-centenario-della-missione-in-cina-con-le-sorelle-clarisse\/","title":{"rendered":"Viterbo: stulecie misji w\u00a0Chinach obchodzone z\u00a0siostrami klaryskami"},"content":{"rendered":"<p><strong>W dniu 22 wrze\u015bnia 2025 r. podczas zwyczajnego zgromadzenia si\u00f3str klarysek urbanistek w klasztorze \u015bw. R\u00f3\u017cy w Viterbo obchodzono stulecie otwarcia misji braci mniejszych konwentualnych w Chinach (1925-2025).<\/strong><\/p>\n<p>Opr\u00f3cz ust\u0119puj\u0105cej rady federalnej, kt\u00f3rej od 12 lat przewodniczy s. Damiana ARDESI, by\u0142o obecnych 25 opatek i delegatek z r\u00f3\u017cnych klasztor\u00f3w, w tym klaryski z Meksyku i Rumunii, a ponadto minister generalny fr. Carlos A. TROVARELLI, postulator generalny fr. Raimundo Valdo NOGUEIRA oraz fr. Paolo FIASCONARO, by\u0142y dyrektor franciszka\u0144skiego centrum misyjnego FIMP (Federazione Intermediterranea Ministri Provinciali). Klaryski, zebrane w Viterbo w celu wybrania nowej przewodnicz\u0105cej i rady federalnej, chcia\u0142y pog\u0142\u0119bi\u0107 temat misji, postrzegaj\u0105c stulecie misji chi\u0144skiej jako moment wzrostu misyjnego i jako okazj\u0119 do wytyczenia w\u0142asnej drogi ku nowym horyzontom. Podczas spotkania fr. Paolo FIASCONARO zaprezentowa\u0142 ksi\u0105\u017ck\u0119 wydan\u0105 przez centrum misyjne, zatytu\u0142owan\u0105 \u015awit misyjny braci mniejszych konwentualnych, napisan\u0105 wsp\u00f3lnie z fr. Matteo LUO. Pierwsza cz\u0119\u015b\u0107 publikacji wspomina niespokojny okres historyczny poprzedzaj\u0105cy otwarcie misji w 1925 r., w tym dwie kasaty Zakon\u00f3w i wynikaj\u0105cy z nich gwa\u0142towny spadek liczby braci mniejszych konwentualnych. Powolne o\u017cywienie powo\u0142a\u0144 rozpocz\u0119\u0142o si\u0119 po I wojnie \u015bwiatowej dzi\u0119ki odnowie misyjnej promowanej przez dw\u00f3ch ministr\u00f3w generalnych: fr. Domenico TAVANI i fr. Alfonso ORLINI. W drugiej cz\u0119\u015bci ksi\u0105\u017cki fr. Matteo LUO opowiada w dziesi\u0119ciu rozdzia\u0142ach o \u017cyciu i dzia\u0142alno\u015bci duszpasterskiej licznych braci, kt\u00f3rzy przez 27 lat pos\u0142ugiwali na misjach w Chinach (od 1925 do 1952 r.). Po prezentacji tomu wy\u015bwietlono film dokumentalny Franciszka\u0144ski i ewangeliczny jedwabny szlak, nakr\u0119cony przez centrum misyjne w miejscach pracy braci i w diecezji, gdzie czterech franciszka\u0144skich prefekt\u00f3w apostolskich i inni zakonnicy prowadzili intensywn\u0105 aktywno\u015b\u0107 duszpastersk\u0105 w\u015br\u00f3d ludno\u015bci chi\u0144skiej. Pokazano tak\u017ce kr\u00f3tki film dokumentalny o do\u015bwiadczeniach centrum misyjnego w ramach dziesi\u0119ciu lat obecno\u015bci braci w okresie letnim nad brzegiem Tybru w Rzymie. Na zako\u0144czenie spotkania siostry spontanicznie podzi\u0119kowa\u0142y Zakonowi i centrum misyjnemu za pami\u0119\u0107 o przypadaj\u0105cym stuleciu, a przede wszystkim za prze\u017cycie chwil \u0142aski i odnowionego zapa\u0142u misyjnego, wyra\u017conego w konkretnych gestach blisko\u015bci.<\/p>\n<p style=\"text-align: right;\">Fr. Paolo FIASCONARO<\/p>\nngg_shortcode_0_placeholder\n","protected":false},"excerpt":{"rendered":"<p>W dniu 22 wrze\u015bnia 2025 r. podczas zwyczajnego zgromadzenia si\u00f3str klarysek urbanistek w klasztorze \u015bw. R\u00f3\u017cy w Viterbo obchodzono stulecie otwarcia misji braci mniejszych konwentualnych w Chinach (1925-2025). Opr\u00f3cz ust\u0119puj\u0105cej rady federalnej, kt\u00f3rej od 12 lat przewodniczy s. Damiana ARDESI, by\u0142o obecnych 25 opatek i delegatek z r\u00f3\u017cnych klasztor\u00f3w, w tym klaryski z Meksyku i [&hellip;]<\/p>\n","protected":false},"author":1,"featured_media":88566,"comment_status":"closed","ping_status":"open","sticky":false,"template":"","format":"standard","meta":{"ngg_post_thumbnail":0,"footnotes":""},"categories":[131,118,137,149],"tags":[815],"class_list":["post-88570","post","type-post","status-publish","format-standard","has-post-thumbnail","category-federacje","category-fimp-pl","category-rodzina-franciszkanska","category-wiadomosci","tag-centrum-misyjne"],"_links":{"self":[{"href":"https:\/\/www.ofmconv.net\/pl\/wp-json\/wp\/v2\/posts\/88570","targetHints":{"allow":["GET"]}}],"collection":[{"href":"https:\/\/www.ofmconv.net\/pl\/wp-json\/wp\/v2\/posts"}],"about":[{"href":"https:\/\/www.ofmconv.net\/pl\/wp-json\/wp\/v2\/types\/post"}],"author":[{"embeddable":true,"href":"https:\/\/www.ofmconv.net\/pl\/wp-json\/wp\/v2\/users\/1"}],"replies":[{"embeddable":true,"href":"https:\/\/www.ofmconv.net\/pl\/wp-json\/wp\/v2\/comments?post=88570"}],"version-history":[{"count":2,"href":"https:\/\/www.ofmconv.net\/pl\/wp-json\/wp\/v2\/posts\/88570\/revisions"}],"predecessor-version":[{"id":88575,"href":"https:\/\/www.ofmconv.net\/pl\/wp-json\/wp\/v2\/posts\/88570\/revisions\/88575"}],"wp:featuredmedia":[{"embeddable":true,"href":"https:\/\/www.ofmconv.net\/pl\/wp-json\/wp\/v2\/media\/88566"}],"wp:attachment":[{"href":"https:\/\/www.ofmconv.net\/pl\/wp-json\/wp\/v2\/media?parent=88570"}],"wp:term":[{"taxonomy":"category","embeddable":true,"href":"https:\/\/www.ofmconv.net\/pl\/wp-json\/wp\/v2\/categories?post=88570"},{"taxonomy":"post_tag","embeddable":true,"href":"https:\/\/www.ofmconv.net\/pl\/wp-json\/wp\/v2\/tags?post=88570"}],"curies":[{"name":"wp","href":"https:\/\/api.w.org\/{rel}","templated":true}]}}