{"id":90091,"date":"2025-11-05T13:07:49","date_gmt":"2025-11-05T12:07:49","guid":{"rendered":"https:\/\/www.ofmconv.net\/malta-capitolo-provinciale-straordinario-2\/"},"modified":"2025-11-05T13:13:47","modified_gmt":"2025-11-05T12:13:47","slug":"malta-capitolo-provinciale-straordinario-2","status":"publish","type":"post","link":"https:\/\/www.ofmconv.net\/pl\/malta-capitolo-provinciale-straordinario-2\/","title":{"rendered":"Malta: kapitu\u0142a prowincjalna nadzwyczajna"},"content":{"rendered":"<p><strong>W dniach 6-10 pa\u017adziernika 2025 r. we franciszka\u0144skim centrum kultury w Birkirkara odby\u0142a si\u0119 kapitu\u0142a prowincjalna nadzwyczajna prowincji \u015bw. Paw\u0142a Aposto\u0142a na Malcie.<\/strong><\/p>\n<p>Obradom przewodniczy\u0142 minister generalny fr. Carlos Alberto TROVARELLI, kt\u00f3remu towarzyszy\u0142 fr. Colin Charles SAMMUT, asystent generalny FIMP (Federazione Intermediterranea Ministri Provinciali) i dotychczasowy minister prowincjalny prowincji malta\u0144skiej.<\/p>\n<p>Pierwszy dzie\u0144 kapitu\u0142y prowincjalnej rozpocz\u0105\u0142 si\u0119 Msz\u0105 \u015bw. wotywn\u0105 o Duchu \u015awi\u0119tym. W auli kapitulnej, po wprowadzeniu ministra generalnego, wikariusz prowincji fr. Paul DARMANIN przedstawi\u0142 sprawozdanie dotycz\u0105ce \u017cycia i dzia\u0142alno\u015bci braci w ci\u0105gu ostatnich dw\u00f3ch lat. S\u0142uchacze mieli czas na osobist\u0105 refleksj\u0119 nad swoj\u0105 obecno\u015bci\u0105 we wsp\u00f3lnocie braterskiej. Po po\u0142udniu minister generalny przeprowadzi\u0142 spotkanie z definitorium prowincjalnym, aby nakre\u015bli\u0107 prace kapitu\u0142y w najbli\u017cszych dniach, gdy konieczne b\u0119dzie podj\u0119cie konkretnych decyzji zwi\u0105zanych z \u017cyciem prowincji.<br \/>\nDrugi dzie\u0144 rozpocz\u0105\u0142 si\u0119 rozmy\u015blaniem nad tekstem \u015bw. Franciszka o prawdziwej rado\u015bci. Pomog\u0142o to w ocenie do\u015bwiadcze\u0144, kt\u00f3re bracia zdobywali w ostatnich latach i kt\u00f3rymi mieli okazj\u0119 podzieli\u0107 si\u0119 podczas wczorajszej sesji. Wyzwanie, jakim jest niewielka liczba braci, to r\u00f3wnie\u017c dobra okazja dla prowincji, by odkrywa\u0107 nowe drogi, do kt\u00f3rych pod\u0105\u017cania inspiruje Duch \u015awi\u0119ty. Po po\u0142udniu minister generalny ponownie spotka\u0142 si\u0119 z definitorium prowincjalnym w celu podj\u0119cia dalszych ustale\u0144.<br \/>\nTrzeci dzie\u0144 rozpocz\u0105\u0142 si\u0119 nabo\u017ce\u0144stwem maryjnym, zwanym Akatyst. W ramach obrad om\u00f3wiono niekt\u00f3re przejawy dzia\u0142alno\u015bci braci i poddano pod g\u0142osowanie kilka propozycji odnosz\u0105cych si\u0119 do zarz\u0105dzania ekonomicznego prowincj\u0105 i klasztorami. Wieczorem mia\u0142o miejsce spotkanie w klasztorze w Valletcie, gdzie zosta\u0142a po\u015bwi\u0119cona nowa penitencjaria, jeden z projekt\u00f3w zatwierdzonych na kapitule prowincjalnej zwyczajnej w 2023 r.<br \/>\nCzwarty dzie\u0144 rozpocz\u0105\u0142 si\u0119 adoracj\u0105 eucharystyczn\u0105. Potem kontynuowano dyskusj\u0119 i g\u0142osowanie nad po\u0142\u0105czeniem jednostki duszpasterskiej w rejonie San Pawl Il-Bahar. Zdecydowano, \u017ce wsp\u00f3lnota w Qawra b\u0119dzie wsp\u00f3lnot\u0105 filialn\u0105 klasztoru w San Pawl Il-Bahar. Om\u00f3wiono r\u00f3wnie\u017c i przeg\u0142osowano propozycje dotycz\u0105ce duszpasterstwa m\u0142odzie\u017cy, misji w Indiach oraz wsp\u00f3\u0142pracy z malta\u0144sk\u0105 organizacj\u0105 pozarz\u0105dow\u0105 na rzecz \u017cycia i godnej \u015bmierci najm\u0142odszych.<br \/>\nW ostatnim dniu kapitu\u0142y Mszy \u015bw. przewodniczy\u0142 wikariusz prowincji. Po doko\u0144czeniu dyskusji i g\u0142osowaniu nad wczorajsz\u0105 ostatni\u0105 propozycj\u0105 odby\u0142o si\u0119 g\u0142osowanie nad nowym sk\u0142adem definitorium. Cz\u0142onkami definitorium s\u0105: fr. Andrew GALEA (prowikariusz prowincji, pierwsza kadencja), fr. Arthur CUTAJAR (sekretarz prowincji, pierwsza kadencja), fr. Mario SANT (pierwsza kadencja) i fr. Damian VELIYIL (pierwsza kadencja).<\/p>\n<p style=\"text-align: right;\">Fr. Allister M. AQUILINA, sekretarz kapitu\u0142y<\/p>\nngg_shortcode_0_placeholder\n","protected":false},"excerpt":{"rendered":"<p>W dniach 6-10 pa\u017adziernika 2025 r. we franciszka\u0144skim centrum kultury w Birkirkara odby\u0142a si\u0119 kapitu\u0142a prowincjalna nadzwyczajna prowincji \u015bw. Paw\u0142a Aposto\u0142a na Malcie. Obradom przewodniczy\u0142 minister generalny fr. Carlos Alberto TROVARELLI, kt\u00f3remu towarzyszy\u0142 fr. Colin Charles SAMMUT, asystent generalny FIMP (Federazione Intermediterranea Ministri Provinciali) i dotychczasowy minister prowincjalny prowincji malta\u0144skiej. Pierwszy dzie\u0144 kapitu\u0142y prowincjalnej rozpocz\u0105\u0142 [&hellip;]<\/p>\n","protected":false},"author":1,"featured_media":90087,"comment_status":"closed","ping_status":"open","sticky":false,"template":"","format":"standard","meta":{"ngg_post_thumbnail":0,"footnotes":""},"categories":[131,118,149],"tags":[193,1163],"class_list":["post-90091","post","type-post","status-publish","format-standard","has-post-thumbnail","category-federacje","category-fimp-pl","category-wiadomosci","tag-kapitula","tag-malta-pl"],"_links":{"self":[{"href":"https:\/\/www.ofmconv.net\/pl\/wp-json\/wp\/v2\/posts\/90091","targetHints":{"allow":["GET"]}}],"collection":[{"href":"https:\/\/www.ofmconv.net\/pl\/wp-json\/wp\/v2\/posts"}],"about":[{"href":"https:\/\/www.ofmconv.net\/pl\/wp-json\/wp\/v2\/types\/post"}],"author":[{"embeddable":true,"href":"https:\/\/www.ofmconv.net\/pl\/wp-json\/wp\/v2\/users\/1"}],"replies":[{"embeddable":true,"href":"https:\/\/www.ofmconv.net\/pl\/wp-json\/wp\/v2\/comments?post=90091"}],"version-history":[{"count":2,"href":"https:\/\/www.ofmconv.net\/pl\/wp-json\/wp\/v2\/posts\/90091\/revisions"}],"predecessor-version":[{"id":90096,"href":"https:\/\/www.ofmconv.net\/pl\/wp-json\/wp\/v2\/posts\/90091\/revisions\/90096"}],"wp:featuredmedia":[{"embeddable":true,"href":"https:\/\/www.ofmconv.net\/pl\/wp-json\/wp\/v2\/media\/90087"}],"wp:attachment":[{"href":"https:\/\/www.ofmconv.net\/pl\/wp-json\/wp\/v2\/media?parent=90091"}],"wp:term":[{"taxonomy":"category","embeddable":true,"href":"https:\/\/www.ofmconv.net\/pl\/wp-json\/wp\/v2\/categories?post=90091"},{"taxonomy":"post_tag","embeddable":true,"href":"https:\/\/www.ofmconv.net\/pl\/wp-json\/wp\/v2\/tags?post=90091"}],"curies":[{"name":"wp","href":"https:\/\/api.w.org\/{rel}","templated":true}]}}