{"id":91237,"date":"2025-12-01T13:14:01","date_gmt":"2025-12-01T12:14:01","guid":{"rendered":"https:\/\/www.ofmconv.net\/roma-incontro-annuale-dei-frati-francescani-conventuali-romeni-delle-comunita-estere\/"},"modified":"2025-12-01T13:17:21","modified_gmt":"2025-12-01T12:17:21","slug":"roma-incontro-annuale-dei-frati-francescani-conventuali-romeni-delle-comunita-estere","status":"publish","type":"post","link":"https:\/\/www.ofmconv.net\/pl\/roma-incontro-annuale-dei-frati-francescani-conventuali-romeni-delle-comunita-estere\/","title":{"rendered":"Rzym: doroczne spotkanie rumu\u0144skich franciszkan\u00f3w ze wsp\u00f3lnot zagranicznych"},"content":{"rendered":"<p><strong>W dniach 24-26 listopada 2025 r. w mi\u0119dzynarodowym kolegium Seraphicum w Rzymie odby\u0142o si\u0119 coroczne spotkanie rumu\u0144skich franciszkan\u00f3w pracuj\u0105cych za granic\u0105. Wzi\u0119\u0142o w nim udzia\u0142 55 braci z W\u0142och, Niemiec, Austrii, Szwajcarii, Francji i Hiszpanii, a tak\u017ce fr. Damian-Gheorghe P\u0102TRA\u0218CU, minister prowincjalny prowincji \u015bw. J\u00f3zefa Oblubie\u0144ca NMP w Rumunii.<\/strong><\/p>\n<p>Program wyr\u00f3\u017cnia\u0142 si\u0119 r\u00f3\u017cnorodno\u015bci\u0105 i starann\u0105 organizacj\u0105. Po poniedzia\u0142kowym wieczorze braterskim, we wtorek 25 listopada \u2013 z okazji jubileuszowego roku nadziei \u2013 zakonnicy udali si\u0119 na pielgrzymk\u0119 do bazyliki papieskiej \u015bw. Jana na Lateranie, a potem nawiedzili bazylik\u0119 papiesk\u0105 Matki Bo\u017cej Wi\u0119kszej. W obu bazylikach przekroczyli pr\u00f3g drzwi \u015bwi\u0119tych, otwartych z okazji roku jubileuszowego. W duchu wiary i komunii modlili si\u0119 w ciszy przy grobie papie\u017ca Franciszka i odprawili Msz\u0119 \u015bw. w bazylice Matki Bo\u017cej Wi\u0119kszej.<br \/>\nPo po\u0142udniu uczestnicy kontynuowali spotkanie w auli Sykstusa V w kolegium Seraficum, gdzie minister prowincjalny, dzi\u0119kuj\u0105c wszystkim za zaanga\u017cowanie i s\u0142u\u017cb\u0119, zach\u0119ci\u0142 do wype\u0142niania \u017cyciowego powo\u0142ania i misji w duchu franciszka\u0144skiej prostoty i rado\u015bci. Nieco p\u00f3\u017aniej bracia zostali zaszczyceni wizyt\u0105 George\u2019a Gabriela BOLOGAN, ambasadora Rumunii przy Stolicy Apostolskiej, kt\u00f3ry przybli\u017cy\u0142 misj\u0119 dyplomatyczn\u0105 Rumunii w Watykanie, chrze\u015bcija\u0144skie korzenie Europy, odpowiedzialno\u015b\u0107 spoczywaj\u0105c\u0105 na franciszkanach, kap\u0142anach i wszystkich jako \u015bwiadkach nadziei, a tak\u017ce om\u00f3wi\u0142 wsp\u00f3\u0142czesne wyzwania stoj\u0105ce przed cz\u0142owiekiem w erze cyfrowej. Wizyta zako\u0144czy\u0142a si\u0119 otwart\u0105 i serdeczn\u0105 rozmow\u0105, wzbogacon\u0105 licznymi pytaniami, na kt\u00f3re ambasador odpowiada\u0142 bardzo ch\u0119tnie i w duchu prawdziwie braterskim. Dzie\u0144 zako\u0144czy\u0142 si\u0119 wsp\u00f3ln\u0105 rekreacj\u0105. Punktem kulminacyjnym spotkania by\u0142 udzia\u0142 w audiencji generalnej na placu \u015bw. Piotra w Watykanie w \u015brod\u0119 26 listopada. By\u0142a to te\u017c okazja do wymiany kilku s\u0142\u00f3w z papie\u017cem Leonem XIV i zrobienia wsp\u00f3lnego zdj\u0119cia. Po audiencji bracia przeszli przez drzwi \u015bwi\u0119te i odprawili Msz\u0119 \u015bw. w bazylice watyka\u0144skiej. Dzi\u0119kuj\u0105c Bogu za b\u0142ogos\u0142awiony dar spotkania i prze\u017cyte chwile wsp\u00f3lnotowe, wyra\u017camy jednocze\u015bnie nasz\u0105 wdzi\u0119czno\u015b\u0107 organizatorom, a tak\u017ce ka\u017cdemu z obecnych braci. Niech Pan obdarza wszystkich swoim pokojem i dobrem!<\/p>\n<p style=\"text-align: right;\">Fr. Adrian COBZARU<\/p>\nngg_shortcode_0_placeholder\n","protected":false},"excerpt":{"rendered":"<p>W dniach 24-26 listopada 2025 r. w mi\u0119dzynarodowym kolegium Seraphicum w Rzymie odby\u0142o si\u0119 coroczne spotkanie rumu\u0144skich franciszkan\u00f3w pracuj\u0105cych za granic\u0105. Wzi\u0119\u0142o w nim udzia\u0142 55 braci z W\u0142och, Niemiec, Austrii, Szwajcarii, Francji i Hiszpanii, a tak\u017ce fr. Damian-Gheorghe P\u0102TRA\u0218CU, minister prowincjalny prowincji \u015bw. J\u00f3zefa Oblubie\u0144ca NMP w Rumunii. Program wyr\u00f3\u017cnia\u0142 si\u0119 r\u00f3\u017cnorodno\u015bci\u0105 i starann\u0105 [&hellip;]<\/p>\n","protected":false},"author":1,"featured_media":91238,"comment_status":"closed","ping_status":"open","sticky":false,"template":"","format":"standard","meta":{"ngg_post_thumbnail":0,"footnotes":""},"categories":[131,118,149],"tags":[208,335],"class_list":["post-91237","post","type-post","status-publish","format-standard","has-post-thumbnail","category-federacje","category-fimp-pl","category-wiadomosci","tag-rumunia","tag-seraphicum-pl"],"_links":{"self":[{"href":"https:\/\/www.ofmconv.net\/pl\/wp-json\/wp\/v2\/posts\/91237","targetHints":{"allow":["GET"]}}],"collection":[{"href":"https:\/\/www.ofmconv.net\/pl\/wp-json\/wp\/v2\/posts"}],"about":[{"href":"https:\/\/www.ofmconv.net\/pl\/wp-json\/wp\/v2\/types\/post"}],"author":[{"embeddable":true,"href":"https:\/\/www.ofmconv.net\/pl\/wp-json\/wp\/v2\/users\/1"}],"replies":[{"embeddable":true,"href":"https:\/\/www.ofmconv.net\/pl\/wp-json\/wp\/v2\/comments?post=91237"}],"version-history":[{"count":2,"href":"https:\/\/www.ofmconv.net\/pl\/wp-json\/wp\/v2\/posts\/91237\/revisions"}],"predecessor-version":[{"id":91244,"href":"https:\/\/www.ofmconv.net\/pl\/wp-json\/wp\/v2\/posts\/91237\/revisions\/91244"}],"wp:featuredmedia":[{"embeddable":true,"href":"https:\/\/www.ofmconv.net\/pl\/wp-json\/wp\/v2\/media\/91238"}],"wp:attachment":[{"href":"https:\/\/www.ofmconv.net\/pl\/wp-json\/wp\/v2\/media?parent=91237"}],"wp:term":[{"taxonomy":"category","embeddable":true,"href":"https:\/\/www.ofmconv.net\/pl\/wp-json\/wp\/v2\/categories?post=91237"},{"taxonomy":"post_tag","embeddable":true,"href":"https:\/\/www.ofmconv.net\/pl\/wp-json\/wp\/v2\/tags?post=91237"}],"curies":[{"name":"wp","href":"https:\/\/api.w.org\/{rel}","templated":true}]}}