{"id":91911,"date":"2025-12-19T12:50:47","date_gmt":"2025-12-19T11:50:47","guid":{"rendered":"https:\/\/www.ofmconv.net\/proiettato-il-film-parola-di-tommaso-al-seraphicum\/"},"modified":"2025-12-19T13:34:40","modified_gmt":"2025-12-19T12:34:40","slug":"proiettato-il-film-parola-di-tommaso-al-seraphicum","status":"publish","type":"post","link":"https:\/\/www.ofmconv.net\/pl\/proiettato-il-film-parola-di-tommaso-al-seraphicum\/","title":{"rendered":"Projekcja filmu <i>S\u0142owo Tomasza<\/i> w\u00a0Seraphicum"},"content":{"rendered":"<p><strong>W historii brata Tomasza z Celano pojawia si\u0119 fascynuj\u0105cy paradoks: jest on cz\u0142owiekiem, kt\u00f3ry podarowa\u0142 \u015bwiatu portret \u015bw. Franciszka, a jednak jego posta\u0107 cz\u0119sto pozostawa\u0142a na uboczu, jakby by\u0142a ukryta za wielko\u015bci\u0105 Biedaczyny. 18 grudnia 2025 r. o godz. 17.30 w audytorium Seraphicum w Rzymie podj\u0119to pr\u00f3b\u0119 wype\u0142nienia tej luki poprzez specjalny pokaz filmu <em>S\u0142owo Tomasza<\/em> (<em>Parola di Tommaso<\/em>).<\/strong><\/p>\n<p>Wydarzenie cieszy\u0142o si\u0119 szerokim i szczerym zainteresowaniem, gromadz\u0105c student\u00f3w, go\u015bci z zewn\u0105trz oraz liczn\u0105 reprezentacj\u0119 zakonnik\u00f3w z kurii generalnej. Wszyscy kierowali si\u0119 pragnieniem, aby na nowo odkry\u0107 kluczow\u0105 posta\u0107 historii franciszka\u0144skiej.<br \/>\nRol\u0119 gospodarzy pe\u0142nili wikariusz klasztoru i dziekan Papieskiego Wydzia\u0142u Teologicznego \u015aw. Bonawentury fr. Raffaele DI MURO oraz minister generalny Zakonu fr. Carlos A. TROVARELLI, kt\u00f3ry otworzy\u0142 spotkanie, sk\u0142adaj\u0105c szczere podzi\u0119kowanie za zaufanie temu projektowi i za zorganizowanie dzisiejszego wyj\u0105tkowego wieczoru.<br \/>\nPo zako\u0144czeniu projekcji, kt\u00f3ra przyci\u0105gn\u0119\u0142a uwag\u0119 i wzbudzi\u0142a emocje wielu widz\u00f3w, fr. Raffaele DI MURO zaprosi\u0142 na scen\u0119 bohater\u00f3w tej artystycznej przygody. W atmosferze dialogu i dzielenia si\u0119 swoimi wra\u017ceniami g\u0142os zabrali re\u017cyser Matteo VANNI, g\u0142\u00f3wny aktor Corrado ODDI oraz inni cz\u0142onkowie obsady, kt\u00f3rym towarzyszyli przedstawiciele w\u0142adz cywilnych w osobie burmistrza Tagliacozzo Vincenzo GIOVAGNORIO oraz wiceburmistrza Celano Piero IANNI. Ponadto w\u015br\u00f3d przyby\u0142ych byli postulator generalny fr. Raimundo Valdo NOGUEIRA oraz prokurator generalny fr. Maurizio DI PAOLO, kt\u00f3ry wni\u00f3s\u0142 decyduj\u0105cy wk\u0142ad w organizacj\u0119 pokazu filmu.<br \/>\nZ wynik\u0142ej debaty wy\u0142oni\u0142y si\u0119 g\u0142\u00f3wne punkty, kt\u00f3re kierowa\u0142y realizacj\u0105 filmu, a przede wszystkim ch\u0119\u0107 rozpowszechnienia historii Tomasza z Celano daleko poza granicami \u015bwiata franciszka\u0144skiego, przywracaj\u0105c pe\u0142ny wymiar tej wybitnej postaci.<br \/>\nPodkre\u015blono, \u017ce film jest dzie\u0142em \u201esurowym\u201d, odwa\u017cnym i \u015bmia\u0142ym w tym, \u017ce nie boi si\u0119 opowiada\u0107 historycznej prawdy, co spotka\u0142o si\u0119 z niezwyk\u0142ym przyj\u0119ciem przez publiczno\u015b\u0107. Wyst\u0105pienia uwypukli\u0142y paradoks Tomasza: cz\u0142owieka, kt\u00f3ry nie pozostawi\u0142 po sobie \u017cadnych osobistych zapisk\u00f3w i kt\u00f3ry \u017cy\u0142 nieustannie w cieniu \u015bw. Franciszka, ale bez kt\u00f3rego \u015bwiat nigdy nie pozna\u0142by Biedaczyny z Asy\u017cu takiego, jakim znamy go dzisiaj.<br \/>\nW\u0142a\u015bnie w tej dynamice mi\u0119dzy cieniem a \u015bwiat\u0142em \u015bwiadectwa wpleciony jest kluczowy temat, kt\u00f3ry kierowa\u0142 zamys\u0142em re\u017cysera: znaczenie \u201es\u0142owa\u201d, rozumianego jako podstawa relacji i uprzywilejowany no\u015bnik emocji, wzmocnionego w filmie \u015bcie\u017ck\u0105 d\u017awi\u0119kow\u0105 zaprojektowan\u0105 tak, aby wydoby\u0107 najg\u0142\u0119bsze uczucia.<br \/>\nWiecz\u00f3r zako\u0144czy\u0142 si\u0119 nale\u017cnym podzi\u0119kowaniem dla tych wszystkich, kt\u00f3rych konkretna pomoc by\u0142a fundamentalna dla realizacji dzie\u0142a tak znacz\u0105cego dla pami\u0119ci historycznej i franciszka\u0144skiej. Na koniec nie zabrak\u0142o tradycyjnego zdj\u0119cia.<\/p>\n<p style=\"text-align: right;\">Fr. Michele DE GREGORIO<\/p>\nngg_shortcode_0_placeholder\n","protected":false},"excerpt":{"rendered":"<p>W historii brata Tomasza z Celano pojawia si\u0119 fascynuj\u0105cy paradoks: jest on cz\u0142owiekiem, kt\u00f3ry podarowa\u0142 \u015bwiatu portret \u015bw. Franciszka, a jednak jego posta\u0107 cz\u0119sto pozostawa\u0142a na uboczu, jakby by\u0142a ukryta za wielko\u015bci\u0105 Biedaczyny. 18 grudnia 2025 r. o godz. 17.30 w audytorium Seraphicum w Rzymie podj\u0119to pr\u00f3b\u0119 wype\u0142nienia tej luki poprzez specjalny pokaz filmu S\u0142owo [&hellip;]<\/p>\n","protected":false},"author":1,"featured_media":91872,"comment_status":"closed","ping_status":"open","sticky":false,"template":"","format":"standard","meta":{"ngg_post_thumbnail":0,"footnotes":""},"categories":[131,118,149],"tags":[335],"class_list":["post-91911","post","type-post","status-publish","format-standard","has-post-thumbnail","category-federacje","category-fimp-pl","category-wiadomosci","tag-seraphicum-pl"],"_links":{"self":[{"href":"https:\/\/www.ofmconv.net\/pl\/wp-json\/wp\/v2\/posts\/91911","targetHints":{"allow":["GET"]}}],"collection":[{"href":"https:\/\/www.ofmconv.net\/pl\/wp-json\/wp\/v2\/posts"}],"about":[{"href":"https:\/\/www.ofmconv.net\/pl\/wp-json\/wp\/v2\/types\/post"}],"author":[{"embeddable":true,"href":"https:\/\/www.ofmconv.net\/pl\/wp-json\/wp\/v2\/users\/1"}],"replies":[{"embeddable":true,"href":"https:\/\/www.ofmconv.net\/pl\/wp-json\/wp\/v2\/comments?post=91911"}],"version-history":[{"count":2,"href":"https:\/\/www.ofmconv.net\/pl\/wp-json\/wp\/v2\/posts\/91911\/revisions"}],"predecessor-version":[{"id":91913,"href":"https:\/\/www.ofmconv.net\/pl\/wp-json\/wp\/v2\/posts\/91911\/revisions\/91913"}],"wp:featuredmedia":[{"embeddable":true,"href":"https:\/\/www.ofmconv.net\/pl\/wp-json\/wp\/v2\/media\/91872"}],"wp:attachment":[{"href":"https:\/\/www.ofmconv.net\/pl\/wp-json\/wp\/v2\/media?parent=91911"}],"wp:term":[{"taxonomy":"category","embeddable":true,"href":"https:\/\/www.ofmconv.net\/pl\/wp-json\/wp\/v2\/categories?post=91911"},{"taxonomy":"post_tag","embeddable":true,"href":"https:\/\/www.ofmconv.net\/pl\/wp-json\/wp\/v2\/tags?post=91911"}],"curies":[{"name":"wp","href":"https:\/\/api.w.org\/{rel}","templated":true}]}}