{"id":9265,"date":"2018-08-20T16:48:27","date_gmt":"2018-08-20T14:48:27","guid":{"rendered":"https:\/\/ofmconv.net\/roma-i-giovani-del-gva-sulle-banchine-del-tevere\/"},"modified":"2018-08-20T16:56:54","modified_gmt":"2018-08-20T14:56:54","slug":"roma-i-giovani-del-gva-sulle-banchine-del-tevere","status":"publish","type":"post","link":"https:\/\/www.ofmconv.net\/pl\/roma-i-giovani-del-gva-sulle-banchine-del-tevere\/","title":{"rendered":"Rzym: m\u0142odzie\u017c z GVA na nabrze\u017cach Tybru"},"content":{"rendered":"<p><strong>W pi\u0105tek 17 sierpnia 2018 r. 20-osobowa grupa m\u0142odzie\u017cy uczestnicz\u0105cej w \u00f3smym mi\u0119dzynarodowym mityngu \u201eGiovani verso Assisi\u201d przyby\u0142a na nabrze\u017ca Tybru, aby przy stoisku Franciszka\u0144skiego O\u015brodka Misyjnego \u201eo\u017cywi\u0107\u201d rzymskie lato.<\/strong><\/p>\n<p>By\u0142 to od\u015bwi\u0119tny wiecz\u00f3r w ramach podj\u0119tej ewangelizacji w\u015br\u00f3d ludzi, kt\u00f3rzy przemieszczaj\u0105 si\u0119 mi\u0119dzy 60 stoiskami wystawowymi i 15 restauracjami, aby w ten spos\u00f3b prze\u017cy\u0107 chwile relaksu i odpoczynku wakacyjnego.<br \/>\nPodczas trzech dni pobytu w Wiecznym Mie\u015bcie (17-19 sierpnia), a po pi\u0119ciu wcze\u015bniej sp\u0119dzonych dniach w Asy\u017cu, 350 m\u0142odych m\u00f3wi\u0105cych 17 j\u0119zykami, wraz z 40 zakonnikami z r\u00f3\u017cnych jurysdykcji Zakonu Braci Mniejszych, podzieli\u0142o si\u0119 na 10 grup i uda\u0142o na rzymskie place i do niekt\u00f3rych ko\u015bcio\u0142\u00f3w, aby przybli\u017cy\u0107 temat mityngu o odkryciu \u201epi\u0119kna \u015bwi\u0119to\u015bci\u201d.<br \/>\nNad brzegiem Tybru m\u0142odzi Liba\u0144czycy, Amerykanie i Hiszpanie, w towarzystwie g\u0142\u00f3wnego odpowiedzialnego za mityng fr. Simone TENUTI oraz wsp\u00f3\u0142braci fr. Cristian AIOJOAEI, fr. Michael LASKY i 4 kleryk\u00f3w z Franciscanum (b\u0119d\u0105cych ju\u017c od miesi\u0105ca na nabrze\u017cach), poprzez pie\u015bni i ta\u0144ce wyra\u017cali ch\u0119\u0107 spotkania z lud\u017ami i dzielili rado\u015b\u0107 franciszka\u0144sk\u0105.<br \/>\nLiczni ludzie, co noc spaceruj\u0105cy po nabrze\u017cach, z niedowierzaniem, ale entuzjastycznie zbli\u017cali si\u0119 do m\u0142odych i do zakonnik\u00f3w, kt\u00f3rzy swoj\u0105 prostot\u0105 i rado\u015bci\u0105 franciszka\u0144sk\u0105 ukonkretniali \u201eKo\u015bci\u00f3\u0142 ruszaj\u0105cy w drog\u0119\u201d, jakiego chce papie\u017c Franciszek.<br \/>\nSpo\u015br\u00f3d ciekawostek wieczoru warto odnotowa\u0107 podziw m\u0142odzie\u017cy z powodu ustawienia stoiska misyjnego w pobli\u017cu punktu przyj\u0119\u0107 s\u0142u\u017cby medycznej, oznaczonego wielkim napisem: \u201ePierwsza pomoc dla duszy i dla cia\u0142a\u201d (zobacz ostatnie zdj\u0119cia).<\/p>\n<p style=\"text-align: right;\">Fr. Paolo FIASCONARO, dyrektor o\u015brodka misyjnego FIMP<br \/>\n(Federazione Intermediterranea Ministri Provinciali)<\/p>\nngg_shortcode_0_placeholder\n","protected":false},"excerpt":{"rendered":"<p>W pi\u0105tek 17 sierpnia 2018 r. 20-osobowa grupa m\u0142odzie\u017cy uczestnicz\u0105cej w \u00f3smym mi\u0119dzynarodowym mityngu \u201eGiovani verso Assisi\u201d przyby\u0142a na nabrze\u017ca Tybru, aby przy stoisku Franciszka\u0144skiego O\u015brodka Misyjnego \u201eo\u017cywi\u0107\u201d rzymskie lato. By\u0142 to od\u015bwi\u0119tny wiecz\u00f3r w ramach podj\u0119tej ewangelizacji w\u015br\u00f3d ludzi, kt\u00f3rzy przemieszczaj\u0105 si\u0119 mi\u0119dzy 60 stoiskami wystawowymi i 15 restauracjami, aby w ten spos\u00f3b prze\u017cy\u0107 [&hellip;]<\/p>\n","protected":false},"author":1,"featured_media":9258,"comment_status":"closed","ping_status":"open","sticky":false,"template":"","format":"standard","meta":{"ngg_post_thumbnail":0,"footnotes":""},"categories":[131,118,149],"tags":[234,1171,940,356],"class_list":["post-9265","post","type-post","status-publish","format-standard","has-post-thumbnail","category-federacje","category-fimp-pl","category-wiadomosci","tag-gva-international-pl","tag-mlodziez","tag-roma-pl","tag-rzym"],"_links":{"self":[{"href":"https:\/\/www.ofmconv.net\/pl\/wp-json\/wp\/v2\/posts\/9265","targetHints":{"allow":["GET"]}}],"collection":[{"href":"https:\/\/www.ofmconv.net\/pl\/wp-json\/wp\/v2\/posts"}],"about":[{"href":"https:\/\/www.ofmconv.net\/pl\/wp-json\/wp\/v2\/types\/post"}],"author":[{"embeddable":true,"href":"https:\/\/www.ofmconv.net\/pl\/wp-json\/wp\/v2\/users\/1"}],"replies":[{"embeddable":true,"href":"https:\/\/www.ofmconv.net\/pl\/wp-json\/wp\/v2\/comments?post=9265"}],"version-history":[{"count":0,"href":"https:\/\/www.ofmconv.net\/pl\/wp-json\/wp\/v2\/posts\/9265\/revisions"}],"wp:featuredmedia":[{"embeddable":true,"href":"https:\/\/www.ofmconv.net\/pl\/wp-json\/wp\/v2\/media\/9258"}],"wp:attachment":[{"href":"https:\/\/www.ofmconv.net\/pl\/wp-json\/wp\/v2\/media?parent=9265"}],"wp:term":[{"taxonomy":"category","embeddable":true,"href":"https:\/\/www.ofmconv.net\/pl\/wp-json\/wp\/v2\/categories?post=9265"},{"taxonomy":"post_tag","embeddable":true,"href":"https:\/\/www.ofmconv.net\/pl\/wp-json\/wp\/v2\/tags?post=9265"}],"curies":[{"name":"wp","href":"https:\/\/api.w.org\/{rel}","templated":true}]}}