{"id":94223,"date":"2026-02-16T13:20:05","date_gmt":"2026-02-16T12:20:05","guid":{"rendered":"https:\/\/www.ofmconv.net\/tre-corsi-di-formazione-permanente-nella-provincia-italiana-dellimmacolata\/"},"modified":"2026-02-23T14:01:15","modified_gmt":"2026-02-23T13:01:15","slug":"tre-corsi-di-formazione-permanente-nella-provincia-italiana-dellimmacolata","status":"publish","type":"post","link":"https:\/\/www.ofmconv.net\/pl\/tre-corsi-di-formazione-permanente-nella-provincia-italiana-dellimmacolata\/","title":{"rendered":"Trzy kursy formacji ustawicznej w\u00a0prowincji w\u0142oskiej Niepokalanego Pocz\u0119cia"},"content":{"rendered":"<p><strong>W dniach 19-23 stycznia i 7-8 lutego 2026 r. w centrum Kolbego \u2013 Villa Belvedere w Carini we W\u0142oszech odby\u0142y si\u0119 trzy kursy formacji ustawicznej zorganizowane przez komisj\u0119 formacji ustawicznej prowincji w\u0142oskiej Niepokalanego Pocz\u0119cia (Kalabria i Sycylia).<\/strong><\/p>\n<p>W pierwszych dw\u00f3ch kursach wzi\u0119\u0142o udzia\u0142 45 braci z 13 wsp\u00f3lnot, a og\u00f3lnym tematem by\u0142o \u201ewsp\u00f3\u0142-formowa\u0107 si\u0119 jako wsp\u00f3lnota\u201d.<br \/>\nAnimatorem i prelegentem obu kurs\u00f3w by\u0142 wikariusz prowincji i przewodnicz\u0105cy komisji formacji ustawicznej fr. Rocco PREDOTI, kt\u00f3ry om\u00f3wi\u0142 zagadnienie <em>Zacz\u0105\u0107 od \u015bw. Franciszka, aby na nowo odkry\u0107 urok powo\u0142ania<\/em>. Z Asy\u017cu po\u0142\u0105czy\u0142 si\u0119 fr. Emanuele RIMOLI, kt\u00f3ry rozwin\u0105\u0142 temat <em>Czym jest rado\u015b\u0107 doskona\u0142a<\/em>.<br \/>\nTre\u015bci poruszone przez prelegent\u00f3w zosta\u0142y pog\u0142\u0119bione podczas warsztat\u00f3w, a wszyscy docenili praktyczne propozycje dotycz\u0105ce wdra\u017cania w swoim \u017cyciu i we wsp\u00f3lnotach owego \u201ewsp\u00f3lnego poczucia\u201d zbli\u017cenia si\u0119 do charyzmatu Biedaczyny z otwartym sercem, podejmuj\u0105c wyzwania wsp\u00f3\u0142czesno\u015bci.<br \/>\nW trzecim kursie, kt\u00f3ry by\u0142 otwarty dla \u015bwieckich i zakonnik\u00f3w, uczestniczy\u0142o 45 os\u00f3b (32 \u015bwieckich i 13 zakonnik\u00f3w). Kurs prowadzi\u0142 bp Calogero PERI OFMCap, biskup diecezji Caltagirone, kt\u00f3ry przybli\u017cy\u0142 temat <em>Uczestnicy rado\u015bci Franciszka, aby razem wsp\u00f3\u0142-formowa\u0107 si\u0119 jako rodzina franciszka\u0144ska<\/em>. Wychodz\u0105c od zdania z <em>Testamentu<\/em>: \u201ePan da\u0142 mi braci\u201d, zach\u0119ci\u0142 syn\u00f3w Franciszka do prze\u017cywania \u017cycia jako Paschy, jako przej\u015bcia do nowego \u017cycia i nowej relacji z Bogiem, z bratem, ze \u015bwiatem i z samym sob\u0105.<br \/>\nNa zako\u0144czenie kursu podano dwa komunikaty: fr. Paolo FIASCONARO opowiada\u0142 o stuleciu otwarcia misji w Chinach w 1925 r. (ksi\u0105\u017cka i film dokumentalny), za\u015b fr. Gaspare LA BARBERA o \u201eparku braterstwa\u201d, kt\u00f3ry powstanie w Palermo na terenie podarowanym prowincji przez rodzin\u0119 Leonardo VITALE, pierwszego skruszonego i nawr\u00f3conego cz\u0142onka mafii.<\/p>\n<p style=\"text-align: right;\">Fr. Paolo FIASCONARO<\/p>\nngg_shortcode_0_placeholder\n","protected":false},"excerpt":{"rendered":"<p>W dniach 19-23 stycznia i 7-8 lutego 2026 r. w centrum Kolbego \u2013 Villa Belvedere w Carini we W\u0142oszech odby\u0142y si\u0119 trzy kursy formacji ustawicznej zorganizowane przez komisj\u0119 formacji ustawicznej prowincji w\u0142oskiej Niepokalanego Pocz\u0119cia (Kalabria i Sycylia). W pierwszych dw\u00f3ch kursach wzi\u0119\u0142o udzia\u0142 45 braci z 13 wsp\u00f3lnot, a og\u00f3lnym tematem by\u0142o \u201ewsp\u00f3\u0142-formowa\u0107 si\u0119 jako [&hellip;]<\/p>\n","protected":false},"author":1,"featured_media":93965,"comment_status":"closed","ping_status":"open","sticky":false,"template":"","format":"standard","meta":{"ngg_post_thumbnail":0,"footnotes":""},"categories":[131,118,149],"tags":[609,2572],"class_list":["post-94223","post","type-post","status-publish","format-standard","has-post-thumbnail","category-federacje","category-fimp-pl","category-wiadomosci","tag-formacja","tag-wlochy-niepokalana"],"_links":{"self":[{"href":"https:\/\/www.ofmconv.net\/pl\/wp-json\/wp\/v2\/posts\/94223","targetHints":{"allow":["GET"]}}],"collection":[{"href":"https:\/\/www.ofmconv.net\/pl\/wp-json\/wp\/v2\/posts"}],"about":[{"href":"https:\/\/www.ofmconv.net\/pl\/wp-json\/wp\/v2\/types\/post"}],"author":[{"embeddable":true,"href":"https:\/\/www.ofmconv.net\/pl\/wp-json\/wp\/v2\/users\/1"}],"replies":[{"embeddable":true,"href":"https:\/\/www.ofmconv.net\/pl\/wp-json\/wp\/v2\/comments?post=94223"}],"version-history":[{"count":2,"href":"https:\/\/www.ofmconv.net\/pl\/wp-json\/wp\/v2\/posts\/94223\/revisions"}],"predecessor-version":[{"id":94225,"href":"https:\/\/www.ofmconv.net\/pl\/wp-json\/wp\/v2\/posts\/94223\/revisions\/94225"}],"wp:featuredmedia":[{"embeddable":true,"href":"https:\/\/www.ofmconv.net\/pl\/wp-json\/wp\/v2\/media\/93965"}],"wp:attachment":[{"href":"https:\/\/www.ofmconv.net\/pl\/wp-json\/wp\/v2\/media?parent=94223"}],"wp:term":[{"taxonomy":"category","embeddable":true,"href":"https:\/\/www.ofmconv.net\/pl\/wp-json\/wp\/v2\/categories?post=94223"},{"taxonomy":"post_tag","embeddable":true,"href":"https:\/\/www.ofmconv.net\/pl\/wp-json\/wp\/v2\/tags?post=94223"}],"curies":[{"name":"wp","href":"https:\/\/api.w.org\/{rel}","templated":true}]}}