{"id":94366,"date":"2026-02-27T12:57:38","date_gmt":"2026-02-27T11:57:38","guid":{"rendered":"https:\/\/www.ofmconv.net\/palermo-una-celebrazione-nel-ricordo-del-venerabile-fra-luigi-lo-verde\/"},"modified":"2026-02-27T13:01:10","modified_gmt":"2026-02-27T12:01:10","slug":"palermo-una-celebrazione-nel-ricordo-del-venerabile-fra-luigi-lo-verde","status":"publish","type":"post","link":"https:\/\/www.ofmconv.net\/pl\/palermo-una-celebrazione-nel-ricordo-del-venerabile-fra-luigi-lo-verde\/","title":{"rendered":"Palermo: uroczysto\u015b\u0107 upami\u0119tniaj\u0105ca czcigodnego s\u0142ug\u0119 Bo\u017cego fr.\u00a0Luigiego LO\u00a0VERDE"},"content":{"rendered":"<p><strong>12 lutego 2026 r. w ko\u015bciele parafialnym Naj\u015bwi\u0119tszego Serca Jezusowego \u201ealla Noce\u201d w Palermo na Sycylii sprawowano uroczyst\u0105 liturgi\u0119 upami\u0119tniaj\u0105c\u0105 czcigodnego s\u0142ug\u0119 Bo\u017cego fr. Luigiego LO VERDE OFMConv w 94. rocznic\u0119 jego \u015bmierci.<\/strong><\/p>\n<p>Liczni czciciele czcigodnego s\u0142ugi Bo\u017cego oddali ho\u0142d m\u0142odzie\u0144cowi, kt\u00f3ry pragn\u0105\u0142 zosta\u0107 \u015bwi\u0119tym. Jego kr\u00f3tkie \u017cycie nadal stanowi wyzwanie dla Ko\u015bcio\u0142a, kt\u00f3ry napotyka trudno\u015bci w dialogu z m\u0142odzie\u017c\u0105.<br \/>\nUroczysto\u015bci przewodniczy\u0142 fr. Salvino PULIZZOTTO, minister prowincjalny prowincji w\u0142oskiej Niepokalanego Pocz\u0119cia (Kalabria i Sycylia). Fr. Luigi LO VERDE \u2013 imi\u0119 \u015bwieckie: Filippo \u2013 urodzi\u0142 si\u0119 20 grudnia 1910 r. w Tebourba w Tunezji jako syn sycylijskich emigrant\u00f3w, kt\u00f3rzy wyjechali tam w poszukiwaniu pracy. Jako dziecko powr\u00f3ci\u0142 do Palermo i dorasta\u0142 w g\u0142\u0119boko religijnym \u015brodowisku. By\u0142 t\u0119tni\u0105cy \u017cyciem, a nawet psotny, ale wkr\u00f3tce odkry\u0142 zami\u0142owanie do cichej modlitwy. W wieku 12 lat og\u0142osi\u0142 swoj\u0105 decyzj\u0119: chcia\u0142 zosta\u0107 zakonnikiem, \u201eaby sta\u0107 si\u0119 \u015bwi\u0119tym\u201d. Do Zakonu Braci Mniejszych Konwentualnych wst\u0105pi\u0142 w 1922 r., a habit franciszka\u0144ski przyj\u0105\u0142 21 stycznia 1923 r., rozpoczynaj\u0105c drog\u0119 naznaczon\u0105 nauk\u0105, gorliwo\u015bci\u0105 i chorob\u0105. Przez lata formacji w Mussomeli, Montevago i Palermo odczuwa\u0142 przewlek\u0142\u0105 niedokrwisto\u015b\u0107. Jednak nic nie os\u0142abi\u0142o jego pragnienia: \u201esta\u0107 si\u0119 \u015bwi\u0119tym, wielkim \u015bwi\u0119tym\u201d. \u015aluby czasowe z\u0142o\u017cy\u0142 8 grudnia 1927 r., a tonsur\u0119 i \u015bwi\u0119cenia ni\u017csze otrzyma\u0142 w 1931 r.<br \/>\nPodczas wizyty u rodzic\u00f3w w dniu 15 pa\u017adziernika 1931 r. jego stan zdrowia wyra\u017anie si\u0119 pogorszy\u0142. Zmar\u0142 12 lutego 1932 r., w wieku zaledwie 21 lat, szepcz\u0105c: \u201eJak\u017ce s\u0142odkie jest przej\u015bcie do nieba!\u201d. Od 16 maja 1992 r. jego szcz\u0105tki spoczywaj\u0105 w marmurowym grobowcu w kaplicy Niepokalanej w ko\u015bciele Naj\u015bwi\u0119tszego Serca Jezusowego \u201ealla Noce\u201d w Palermo, po prawej stronie nawy, obok zakrystii. 14 czerwca 2016 r. papie\u017c Franciszek zatwierdzi\u0142 dekret o heroiczno\u015bci jego cn\u00f3t. W homilii minister prowincjalny przypomnia\u0142, \u017ce \u015bwi\u0119to\u015b\u0107 nie jest kwesti\u0105 lat, ale intensywno\u015bci jej prze\u017cywania. W czasach, gdy Ko\u015bci\u00f3\u0142 wydaje si\u0119 by\u0107 niepewny wobec m\u0142odzie\u017cy, posta\u0107 m\u0142odego Sycylijczyka z XX wieku przemawia z zaskakuj\u0105c\u0105 aktualno\u015bci\u0105: niespokojny, walcz\u0105cy, kruchy cia\u0142em, ale wytrwa\u0142y duchem. To nie bohater z marmuru, lecz pe\u0142en \u017cycia dwudziestolatek, kt\u00f3ry wszystko postanowi\u0142 postawi\u0107 na Chrystusa. By\u0107 mo\u017ce w\u0142a\u015bnie to nape\u0142nia Ko\u015bci\u00f3\u0142: t\u0119sknota za wiar\u0105 traktowan\u0105 powa\u017cnie. Przecie\u017c fr. Luigi nie za\u0142o\u017cy\u0142 \u017cadnych dzie\u0142, nie napisa\u0142 traktat\u00f3w, nie zd\u0105\u017cy\u0142 zosta\u0107 kap\u0142anem. Zrobi\u0142 co\u015b wi\u0119cej: potraktowa\u0142 powa\u017cnie pragnienie Boga. A po up\u0142ywie 94 lat Palermo wci\u0105\u017c o nim pami\u0119ta.<\/p>\n<p style=\"text-align: right;\">Davide ROMANO, prepostulant<\/p>\nngg_shortcode_0_placeholder\n","protected":false},"excerpt":{"rendered":"<p>12 lutego 2026 r. w ko\u015bciele parafialnym Naj\u015bwi\u0119tszego Serca Jezusowego \u201ealla Noce\u201d w Palermo na Sycylii sprawowano uroczyst\u0105 liturgi\u0119 upami\u0119tniaj\u0105c\u0105 czcigodnego s\u0142ug\u0119 Bo\u017cego fr. Luigiego LO VERDE OFMConv w 94. rocznic\u0119 jego \u015bmierci. Liczni czciciele czcigodnego s\u0142ugi Bo\u017cego oddali ho\u0142d m\u0142odzie\u0144cowi, kt\u00f3ry pragn\u0105\u0142 zosta\u0107 \u015bwi\u0119tym. Jego kr\u00f3tkie \u017cycie nadal stanowi wyzwanie dla Ko\u015bcio\u0142a, kt\u00f3ry napotyka [&hellip;]<\/p>\n","protected":false},"author":1,"featured_media":94362,"comment_status":"closed","ping_status":"open","sticky":false,"template":"","format":"standard","meta":{"ngg_post_thumbnail":0,"footnotes":""},"categories":[131,118,149],"tags":[5097,2572],"class_list":["post-94366","post","type-post","status-publish","format-standard","has-post-thumbnail","category-federacje","category-fimp-pl","category-wiadomosci","tag-luigi-lo-verde","tag-wlochy-niepokalana"],"_links":{"self":[{"href":"https:\/\/www.ofmconv.net\/pl\/wp-json\/wp\/v2\/posts\/94366","targetHints":{"allow":["GET"]}}],"collection":[{"href":"https:\/\/www.ofmconv.net\/pl\/wp-json\/wp\/v2\/posts"}],"about":[{"href":"https:\/\/www.ofmconv.net\/pl\/wp-json\/wp\/v2\/types\/post"}],"author":[{"embeddable":true,"href":"https:\/\/www.ofmconv.net\/pl\/wp-json\/wp\/v2\/users\/1"}],"replies":[{"embeddable":true,"href":"https:\/\/www.ofmconv.net\/pl\/wp-json\/wp\/v2\/comments?post=94366"}],"version-history":[{"count":2,"href":"https:\/\/www.ofmconv.net\/pl\/wp-json\/wp\/v2\/posts\/94366\/revisions"}],"predecessor-version":[{"id":94371,"href":"https:\/\/www.ofmconv.net\/pl\/wp-json\/wp\/v2\/posts\/94366\/revisions\/94371"}],"wp:featuredmedia":[{"embeddable":true,"href":"https:\/\/www.ofmconv.net\/pl\/wp-json\/wp\/v2\/media\/94362"}],"wp:attachment":[{"href":"https:\/\/www.ofmconv.net\/pl\/wp-json\/wp\/v2\/media?parent=94366"}],"wp:term":[{"taxonomy":"category","embeddable":true,"href":"https:\/\/www.ofmconv.net\/pl\/wp-json\/wp\/v2\/categories?post=94366"},{"taxonomy":"post_tag","embeddable":true,"href":"https:\/\/www.ofmconv.net\/pl\/wp-json\/wp\/v2\/tags?post=94366"}],"curies":[{"name":"wp","href":"https:\/\/api.w.org\/{rel}","templated":true}]}}