{"id":97553,"date":"2026-05-08T13:38:32","date_gmt":"2026-05-08T11:38:32","guid":{"rendered":"https:\/\/www.ofmconv.net\/festa-della-provincia-italiana-dellimmacolata-concezione-nella-citta-di-castelbuono-francescana\/"},"modified":"2026-05-08T13:45:12","modified_gmt":"2026-05-08T11:45:12","slug":"festa-della-provincia-italiana-dellimmacolata-concezione-nella-citta-di-castelbuono-francescana","status":"publish","type":"post","link":"https:\/\/www.ofmconv.net\/pl\/festa-della-provincia-italiana-dellimmacolata-concezione-nella-citta-di-castelbuono-francescana\/","title":{"rendered":"\u015awi\u0119to prowincji w\u0142oskiej Niepokalanego Pocz\u0119cia we \u201efranciszka\u0144skim\u201d mie\u015bcie Castelbuono"},"content":{"rendered":"<p><strong>5 maja 2026 r. odby\u0142o si\u0119 \u015bwi\u0119to prowincji w\u0142oskiej Niepokalanego Pocz\u0119cia (Sycylia i Kalabria) w miasteczku Castelbuono (Sycylia), miejscowo\u015bci o g\u0142\u0119bokich korzeniach franciszka\u0144skich.<\/strong><\/p>\n<p>\u015awi\u0119to obchodzone jest co roku w maju w jakim\u015b znacz\u0105cym miejscu. W tym roku wybrano miasteczko Castelbuono, sk\u0105d w ostatnim stuleciu wysz\u0142o oko\u0142o 30 braci mniejszych konwentualnych, kt\u00f3rzy pe\u0142nili r\u00f3\u017cne funkcje w dawnej prowincji sycylijskiej \u015bwi\u0119tych Agaty i \u0141ucji. W\u015br\u00f3d nich na szczeg\u00f3ln\u0105 uwag\u0119 zas\u0142uguje rodzina FIASCONARO, z kt\u00f3rej wywodzi si\u0119 o\u015bmiu franciszkan\u00f3w, rodzina LA GRUA z dwoma zakonnikami, a tak\u017ce inni wsp\u00f3\u0142bracia pochodz\u0105cy z miejscowych rodzin.<br \/>\nW tym \u201eszczeg\u00f3lnym dniu\u201d \u2013 zorganizowanym w ramach obchod\u00f3w, kt\u00f3re prowincja promuje z okazji osiemsetnej rocznicy \u015bmierci \u015bw. Franciszka \u2013 wzi\u0119\u0142o udzia\u0142 50 braci z 14 klasztor\u00f3w oraz 65 wsp\u00f3\u0142pracownik\u00f3w \u015bwieckich z r\u00f3\u017cnych wsp\u00f3lnot, dziel\u0105cych z zakonnikami charyzmat franciszka\u0144ski i wspieraj\u0105cych pos\u0142ug\u0119 duszpastersk\u0105 oraz operacyjn\u0105 w o\u015brodkach na Sycylii i w Kalabrii.<br \/>\nDzie\u0144 wype\u0142ni\u0142y r\u00f3\u017cne spotkania w \u201ehistorycznym i franciszka\u0144skim mie\u015bcie Castelbuono\u201d. Podczas siedmiu godzin pobytu punktem kulminacyjnym by\u0142o spotkanie w zabytkowym kompleksie \u015bw. Franciszka, gdzie bracia mniejsi konwentualni mieszkali przez pi\u0119\u0107 stuleci, od 1317 r., kiedy to za\u0142o\u017cono klasztor, a\u017c do 1866 r., gdy zlikwidowano Zakony i skonfiskowano dobra ko\u015bcielne. Od tego czasu kompleks s\u0142u\u017cy\u0142 jako koszary, szko\u0142a oraz miejsce dzia\u0142alno\u015bci gminnej i muzealnej.<br \/>\nGrupa, pod przewodnictwem ministra prowincjalnego fr. Salvino PULIZZOTTO i pochodz\u0105cego z Castelbuono fr. Paolo FIASCONARO, rozpocz\u0119\u0142a zwiedzanie od historycznego zamku Ventimiglia, za\u0142o\u017cycieli miejscowo\u015bci. W sali Capriate wiceburmistrz Annamaria MAZZOLA powita\u0142a go\u015bci w imieniu w\u0142adz miejskich, a potem odby\u0142a si\u0119 tradycyjna wymiana prezent\u00f3w mi\u0119dzy gmin\u0105 a prowincj\u0105. Nast\u0119pnie dr Salvino LEONE, pisarz i historyk z Castelbuono, oprowadzi\u0142 grup\u0119 po siedmiu odwiedzanych miejscach, przybli\u017caj\u0105c histori\u0119 miasta, ko\u015bcio\u0142\u00f3w, a zw\u0142aszcza kaplicy \u015bw. Anny, patronki Castelbuono.<br \/>\nSpaceruj\u0105c w\u0105skimi uliczkami zabytkowego centrum miasta, wsp\u00f3\u0142bracia dotarli do naszego ko\u015bcio\u0142a \u015bw. Franciszka, gdzie sprawowali uroczyst\u0105 liturgi\u0119 z miejscowym proboszczem ks. Giuseppe VACCA. Z kolei w XVI-wiecznym kru\u017cganku firma cukiernicza braci FIASCONARO ugo\u015bci\u0142a wszystkich obiadem, sk\u0142adaj\u0105cym si\u0119 z potraw i s\u0142odyczy typowych dla lokalnej tradycji oraz charakterystycznych dla samej cukierni.<br \/>\nDzie\u0144 zako\u0144czy\u0142 si\u0119 wizyt\u0105 w muzeum przyrodniczym \u201eMin\u00e0 Palumbo\u201d \u2013 prawdziwym hymnie na cze\u015b\u0107 LAUDATO SI\u2019 \u2013 w kt\u00f3rym zgromadzono okazy flory i fauny z pasma Madonie, a tak\u017ce zbi\u00f3r tysi\u0119cy owad\u00f3w, ptak\u00f3w i element\u00f3w bior\u00f3\u017cnorodno\u015bci z ca\u0142ego regionu.<br \/>\nPodsumowuj\u0105c, sycylijska prowincja franciszkan\u00f3w na jeden dzie\u0144 \u201eodzyska\u0142a\u201d zabytkowy kompleks \u015bw. Franciszka, zamieszkiwany przez braci mniejszych konwentualnych przez pi\u0119\u0107 wiek\u00f3w.<\/p>\n<p style=\"text-align: right;\">Fr. Paolo FIASCONARO<\/p>\nngg_shortcode_0_placeholder\n","protected":false},"excerpt":{"rendered":"<p>5 maja 2026 r. odby\u0142o si\u0119 \u015bwi\u0119to prowincji w\u0142oskiej Niepokalanego Pocz\u0119cia (Sycylia i Kalabria) w miasteczku Castelbuono (Sycylia), miejscowo\u015bci o g\u0142\u0119bokich korzeniach franciszka\u0144skich. \u015awi\u0119to obchodzone jest co roku w maju w jakim\u015b znacz\u0105cym miejscu. W tym roku wybrano miasteczko Castelbuono, sk\u0105d w ostatnim stuleciu wysz\u0142o oko\u0142o 30 braci mniejszych konwentualnych, kt\u00f3rzy pe\u0142nili r\u00f3\u017cne funkcje w [&hellip;]<\/p>\n","protected":false},"author":1,"featured_media":97533,"comment_status":"closed","ping_status":"open","sticky":false,"template":"","format":"standard","meta":{"ngg_post_thumbnail":0,"footnotes":""},"categories":[131,118,149],"tags":[2572],"class_list":["post-97553","post","type-post","status-publish","format-standard","has-post-thumbnail","category-federacje","category-fimp-pl","category-wiadomosci","tag-wlochy-niepokalana"],"_links":{"self":[{"href":"https:\/\/www.ofmconv.net\/pl\/wp-json\/wp\/v2\/posts\/97553","targetHints":{"allow":["GET"]}}],"collection":[{"href":"https:\/\/www.ofmconv.net\/pl\/wp-json\/wp\/v2\/posts"}],"about":[{"href":"https:\/\/www.ofmconv.net\/pl\/wp-json\/wp\/v2\/types\/post"}],"author":[{"embeddable":true,"href":"https:\/\/www.ofmconv.net\/pl\/wp-json\/wp\/v2\/users\/1"}],"replies":[{"embeddable":true,"href":"https:\/\/www.ofmconv.net\/pl\/wp-json\/wp\/v2\/comments?post=97553"}],"version-history":[{"count":2,"href":"https:\/\/www.ofmconv.net\/pl\/wp-json\/wp\/v2\/posts\/97553\/revisions"}],"predecessor-version":[{"id":97558,"href":"https:\/\/www.ofmconv.net\/pl\/wp-json\/wp\/v2\/posts\/97553\/revisions\/97558"}],"wp:featuredmedia":[{"embeddable":true,"href":"https:\/\/www.ofmconv.net\/pl\/wp-json\/wp\/v2\/media\/97533"}],"wp:attachment":[{"href":"https:\/\/www.ofmconv.net\/pl\/wp-json\/wp\/v2\/media?parent=97553"}],"wp:term":[{"taxonomy":"category","embeddable":true,"href":"https:\/\/www.ofmconv.net\/pl\/wp-json\/wp\/v2\/categories?post=97553"},{"taxonomy":"post_tag","embeddable":true,"href":"https:\/\/www.ofmconv.net\/pl\/wp-json\/wp\/v2\/tags?post=97553"}],"curies":[{"name":"wp","href":"https:\/\/api.w.org\/{rel}","templated":true}]}}