{"id":97591,"date":"2026-05-11T18:51:05","date_gmt":"2026-05-11T16:51:05","guid":{"rendered":"https:\/\/www.ofmconv.net\/capitolo-ordinario-della-provincia-di-san-giuseppe-da-copertino-negli-stati-uniti-parte-i\/"},"modified":"2026-05-11T18:53:45","modified_gmt":"2026-05-11T16:53:45","slug":"capitolo-ordinario-della-provincia-di-san-giuseppe-da-copertino-negli-stati-uniti-parte-i","status":"publish","type":"post","link":"https:\/\/www.ofmconv.net\/pl\/capitolo-ordinario-della-provincia-di-san-giuseppe-da-copertino-negli-stati-uniti-parte-i\/","title":{"rendered":"Kapitu\u0142a zwyczajna prowincji \u015bw.\u00a0J\u00f3zefa z\u00a0Kupertynu w\u00a0Stanach Zjednoczonych \u2013 cz\u0119\u015b\u0107\u00a0I"},"content":{"rendered":"<p><strong>W dniach 20-24 kwietnia 2026 r. prowincja \u015bw. J\u00f3zefa z Kupertynu w Stanach Zjednoczonych przeprowadzi\u0142a pierwsz\u0105 cz\u0119\u015b\u0107 kapitu\u0142y prowincjalnej zwyczajnej w domu rekolekcyjnym \u201eVilla Mar\u00eda del Mar\u201d w Santa Cruz w Kalifornii, miejscu pe\u0142nym spokoju z widokiem na Ocean Spokojny.<\/strong><\/p>\n<p>Dni pe\u0142ne pracy i przejaw\u00f3w braterstwa 26 braci kapitulnych sp\u0119dzi\u0142o w obecno\u015bci ministra generalnego fr. Carlosa TROVARELLI, kt\u00f3ry przewodniczy\u0142 obradom i dodawa\u0142 otuchy zgromadzeniu, przypominaj\u0105c o idea\u0142ach Zakonu, zw\u0142aszcza w czasach naznaczonych obawami o spadek powo\u0142a\u0144. Jednym z g\u0142\u00f3wnych temat\u00f3w poruszanych podczas kapitu\u0142y by\u0142a mo\u017cliwo\u015b\u0107 po\u0142\u0105czenia si\u0119 z wi\u0119ksz\u0105 prowincj\u0105. Ponadto du\u017cy nacisk po\u0142o\u017cono na odnow\u0119 osobist\u0105 i wsp\u00f3lnotow\u0105, aby uwaga nie skupia\u0142a si\u0119 wy\u0142\u0105cznie na zwi\u0119kszeniu liczby zakonnik\u00f3w potrzebnych do podtrzymania zobowi\u0105za\u0144 duszpasterskich prowincji.<br \/>\nPodczas kapitu\u0142y sekretarz prowincjalny fr. James REITER zosta\u0142 wybrany na pierwsz\u0105 kadencj\u0119 jako minister prowincjalny, staj\u0105c si\u0119 pierwszym bratem zakonnym w Zakonie Braci Mniejszych Konwentualnych piastuj\u0105cym t\u0119 funkcj\u0119 od czas\u00f3w fr. Eliasza (1232-1239). Wcze\u015bniej jedynie bracia mniejsi kapucyni wybrali dw\u00f3ch braci zakonnych na ministr\u00f3w prowincjalnych (w 1983 r. i 2019 r.). Fr. James REITER przez wiele lat z wyr\u00f3\u017cnieniem pe\u0142ni\u0142 pos\u0142ug\u0119 nauczyciela, wychowawcy i administratora.<br \/>\nW sk\u0142ad definitorium prowincjalnego weszli: fr. Carlos MORALES \u2013 wikariusz, fr. John FARAO \u2013 sekretarz, fr. Paul GAWLOWSKI i fr. Luke VU. Obowi\u0105zki ekonoma i poborcy prowincjalnego ponownie powierzono fr. Johnowi HEINZ.<\/p>\n<p style=\"text-align: right;\">Fr. Joseph WOOD<\/p>\nngg_shortcode_0_placeholder\n","protected":false},"excerpt":{"rendered":"<p>W dniach 20-24 kwietnia 2026 r. prowincja \u015bw. J\u00f3zefa z Kupertynu w Stanach Zjednoczonych przeprowadzi\u0142a pierwsz\u0105 cz\u0119\u015b\u0107 kapitu\u0142y prowincjalnej zwyczajnej w domu rekolekcyjnym \u201eVilla Mar\u00eda del Mar\u201d w Santa Cruz w Kalifornii, miejscu pe\u0142nym spokoju z widokiem na Ocean Spokojny. Dni pe\u0142ne pracy i przejaw\u00f3w braterstwa 26 braci kapitulnych sp\u0119dzi\u0142o w obecno\u015bci ministra generalnego fr. [&hellip;]<\/p>\n","protected":false},"author":1,"featured_media":97586,"comment_status":"closed","ping_status":"open","sticky":false,"template":"","format":"standard","meta":{"ngg_post_thumbnail":0,"footnotes":""},"categories":[104,131,149],"tags":[193,961],"class_list":["post-97591","post","type-post","status-publish","format-standard","has-post-thumbnail","category-cff-pl","category-federacje","category-wiadomosci","tag-kapitula","tag-usa-sjc-pl"],"_links":{"self":[{"href":"https:\/\/www.ofmconv.net\/pl\/wp-json\/wp\/v2\/posts\/97591","targetHints":{"allow":["GET"]}}],"collection":[{"href":"https:\/\/www.ofmconv.net\/pl\/wp-json\/wp\/v2\/posts"}],"about":[{"href":"https:\/\/www.ofmconv.net\/pl\/wp-json\/wp\/v2\/types\/post"}],"author":[{"embeddable":true,"href":"https:\/\/www.ofmconv.net\/pl\/wp-json\/wp\/v2\/users\/1"}],"replies":[{"embeddable":true,"href":"https:\/\/www.ofmconv.net\/pl\/wp-json\/wp\/v2\/comments?post=97591"}],"version-history":[{"count":2,"href":"https:\/\/www.ofmconv.net\/pl\/wp-json\/wp\/v2\/posts\/97591\/revisions"}],"predecessor-version":[{"id":97595,"href":"https:\/\/www.ofmconv.net\/pl\/wp-json\/wp\/v2\/posts\/97591\/revisions\/97595"}],"wp:featuredmedia":[{"embeddable":true,"href":"https:\/\/www.ofmconv.net\/pl\/wp-json\/wp\/v2\/media\/97586"}],"wp:attachment":[{"href":"https:\/\/www.ofmconv.net\/pl\/wp-json\/wp\/v2\/media?parent=97591"}],"wp:term":[{"taxonomy":"category","embeddable":true,"href":"https:\/\/www.ofmconv.net\/pl\/wp-json\/wp\/v2\/categories?post=97591"},{"taxonomy":"post_tag","embeddable":true,"href":"https:\/\/www.ofmconv.net\/pl\/wp-json\/wp\/v2\/tags?post=97591"}],"curies":[{"name":"wp","href":"https:\/\/api.w.org\/{rel}","templated":true}]}}