{"id":98030,"date":"2026-05-20T13:09:42","date_gmt":"2026-05-20T11:09:42","guid":{"rendered":"https:\/\/www.ofmconv.net\/seminario-sulleconomia-per-i-ministri-legali-rappresentanti-economi-ed-esattori-della-fimp\/"},"modified":"2026-05-20T13:11:41","modified_gmt":"2026-05-20T11:11:41","slug":"seminario-sulleconomia-per-i-ministri-legali-rappresentanti-economi-ed-esattori-della-fimp","status":"publish","type":"post","link":"https:\/\/www.ofmconv.net\/pl\/seminario-sulleconomia-per-i-ministri-legali-rappresentanti-economi-ed-esattori-della-fimp\/","title":{"rendered":"Seminarium z zakresu ekonomii dla ministr\u00f3w, ekonom\u00f3w, poborc\u00f3w i\u00a0przedstawicieli prawnych FIMP"},"content":{"rendered":"<p><strong>W dniach 14-16 maja 2026 r. w Seraphicum w Rzymie odby\u0142o si\u0119 spotkanie dla ministr\u00f3w prowincjalnych, przedstawicieli prawnych, ekonom\u00f3w i poborc\u00f3w FIMP (Federazione Intermediterranea Ministri Provinciali). Wydarzenie po\u015bwi\u0119cono zagadnieniom zwi\u0105zanym ze zr\u00f3wnowa\u017conym rozwojem naszych klasztor\u00f3w i struktur. Podkre\u015blono, \u017ce kluczowe znaczenie dla rozeznania w sprawie dalszego funkcjonowania obiekt\u00f3w ma powr\u00f3t do naszego charyzmatu i misji.<\/strong><\/p>\n<p>Co zrobi\u0107 z budynkami odziedziczonymi po przesz\u0142o\u015bci? Jakie przeznaczenie nada\u0107 klasztorowi, w kt\u00f3rym znajduj\u0105 si\u0119 niewykorzystane pomieszczenia? Kwestia nieruchomo\u015bci, zarz\u0105dzania nimi oraz ich zr\u00f3wnowa\u017conego rozwoju stanowi\u0142a g\u0142\u00f3wny temat seminarium zorganizowanego przez asystenta generalnego FIMP fr. Colina SAMMUT oraz prokuratora generalnego fr. Maurizio DI PAOLO.<br \/>\nTrzydniowe obrady rozpocz\u0119\u0142y referaty wyg\u0142oszone wy\u0142\u0105cznie przez kobiety. S. Alessandra SMERILLI FMA, sekretarz Dykasterii ds. S\u0142u\u017cby Integralnemu Rozwojowi Cz\u0142owieka, nakre\u015bli\u0142a szerokie spojrzenie na poruszan\u0105 tematyk\u0119. Wskaza\u0142a na potrzeb\u0119 powrotu do pyta\u0144, na kt\u00f3re odpowiadali ju\u017c za\u0142o\u017cyciele, oraz pog\u0142\u0119bi\u0142a wielowymiarowo\u015b\u0107 zr\u00f3wnowa\u017conego rozwoju, kt\u00f3ry ma charakter nie tylko ekonomiczny, ale tak\u017ce \u015brodowiskowy, relacyjny i duchowy. Z kolei prof. Rosanna VIRGILI podkre\u015bli\u0142a, \u017ce w Ksi\u0119dze Przys\u0142\u00f3w kobieta (Prz 31) jawi si\u0119 jako doskona\u0142a ekonomistka, kt\u00f3ra dba o wsp\u00f3lne dobro, a tym samym o szcz\u0119\u015bcie wszystkich. Analiza biblijna ujawni\u0142a, \u017ce ju\u017c u \u017ar\u00f3d\u0142a terminu \u201epatrymonium\u201d (od <em>pater<\/em>) ekonomia starotestamentalna by\u0142a ca\u0142kowicie uj\u0119ta w rodzaju m\u0119skim, zorientowana na rodzin\u0119 i zachowanie tego, co istnieje. Jezus burzy t\u0119 patriarchaln\u0105 ekonomi\u0119, a warto\u015b\u0107 ub\u00f3stwa przywraca w\u0142a\u015bciwy porz\u0105dek i przypomina, \u017ce wszystko \u2013 zar\u00f3wno ziemia, jak i ludzie \u2013 nale\u017cy do Boga.<br \/>\nDrugiego dnia uczestnicy zaj\u0119li si\u0119 bezpo\u015brednio kwesti\u0105 nieruchomo\u015bci. Referat zatytu\u0142owany <em>Zr\u00f3wnowa\u017cony rozw\u00f3j i ryzyko w zarz\u0105dzaniu ekonomicznym<\/em> wyg\u0142osi\u0142 fr. Robert BONGIANNI OFM, wyk\u0142adowca i ekonomista. Prelekcja dostarczy\u0142a interesuj\u0105cych wniosk\u00f3w, poruszaj\u0105c temat odwrotnej zale\u017cno\u015bci mi\u0119dzy cyklem ekonomicznym a cyklem charyzmatycznym: historycznie rzecz bior\u0105c, w \u015bwiecie \u017cycia konsekrowanego wzrost bogactwa wi\u0105za\u0142 si\u0119 z oddaleniem od charyzmatu. M\u00f3wca wskaza\u0142, \u017ce ucz\u0105c si\u0119 zarz\u0105dzania ryzykiem, mo\u017cna powr\u00f3ci\u0107 do praktykowania sztuki rozeznania i odzyska\u0107 kryteria podejmowania wsp\u00f3lnych decyzji o wysokim znaczeniu etycznym, stawiaj\u0105c w centrum \u017cycie braterskie, mniejszo\u015b\u0107 i ub\u00f3stwo.<br \/>\nS. Annunziata REMOSSI z Dykasterii ds. Instytut\u00f3w \u017bycia Konsekrowanego i Stowarzysze\u0144 \u017bycia Apostolskiego przypomnia\u0142a, \u017ce nieruchomo\u015bci s\u0105 jedynie \u015brodkiem do celu. Mog\u0105 sta\u0107 si\u0119 problemem albo szans\u0105 \u2013 w zale\u017cno\u015bci od tego, czy wcze\u015bniej jasno okre\u015bli si\u0119 projekt i cele s\u0142u\u017c\u0105ce realizacji misji.<br \/>\nDzi\u0119ki fachowej wiedzy dr. Giorgio FRANCESCHI z Istituto Atesino di Sviluppo, wsp\u00f3\u0142pracuj\u0105cego z konferencj\u0105 episkopatu W\u0142och oraz administracj\u0105 d\u00f3br Stolicy Apostolskiej, uczestnicy poznali zr\u00f3\u017cnicowany rynek nieruchomo\u015bci na arenie krajowej i mi\u0119dzynarodowej. W tej bran\u017cy brak decyzji mo\u017ce w wielu przypadkach okaza\u0107 si\u0119 bardzo kosztowny. St\u0105d te\u017c apel, aby nie czeka\u0107 zbyt d\u0142ugo i nie dopu\u015bci\u0107 do utraty warto\u015bci obiekt\u00f3w, lecz podj\u0105\u0107 dzia\u0142ania w celu ich modernizacji, na przyk\u0142ad zgodnie z kryteriami efektywno\u015bci energetycznej.<br \/>\nOstatni dzie\u0144 skupi\u0142 si\u0119 na do\u015bwiadczeniach domu Seraphicum. Fr. Enzo GALLI, tutejszy ekonom, opowiedzia\u0142 o tym, jak w ci\u0105gu ostatnich 20 lat zagospodarowano wiele pomieszcze\u0144 w kolegium, zw\u0142aszcza poprzez utworzenie domu wypoczynkowego oraz planowane wkr\u00f3tce otwarcie akademika dla student\u00f3w. Stanowi to d\u0142ugoterminow\u0105 inwestycj\u0119 zgodn\u0105 z akademick\u0105 i kulturaln\u0105 dzia\u0142alno\u015bci\u0105 kompleksu.<br \/>\nNa zako\u0144czenie ekonom generalny fr. Leszek \u0141UCZKANIN i poborca generalny fr. C\u0103t\u0103lin FABIAN wezwali ekonom\u00f3w do skrupulatnego prowadzenia ksi\u0105g rachunkowych. Przypomnieli im o odpowiedzialno\u015bci za powierzone zadania, co ma dokonywa\u0107 si\u0119 w duchu przejrzysto\u015bci, wsp\u00f3\u0142pracy z prze\u0142o\u017conymi oraz przeciwdzia\u0142ania marnotrawstwu w s\u0142u\u017cbie wsp\u00f3lnocie.<\/p>\n<p style=\"text-align: right;\">Fr. Riccardo GIACON<\/p>\nngg_shortcode_0_placeholder\n","protected":false},"excerpt":{"rendered":"<p>W dniach 14-16 maja 2026 r. w Seraphicum w Rzymie odby\u0142o si\u0119 spotkanie dla ministr\u00f3w prowincjalnych, przedstawicieli prawnych, ekonom\u00f3w i poborc\u00f3w FIMP (Federazione Intermediterranea Ministri Provinciali). Wydarzenie po\u015bwi\u0119cono zagadnieniom zwi\u0105zanym ze zr\u00f3wnowa\u017conym rozwojem naszych klasztor\u00f3w i struktur. Podkre\u015blono, \u017ce kluczowe znaczenie dla rozeznania w sprawie dalszego funkcjonowania obiekt\u00f3w ma powr\u00f3t do naszego charyzmatu i misji. [&hellip;]<\/p>\n","protected":false},"author":1,"featured_media":97997,"comment_status":"closed","ping_status":"open","sticky":false,"template":"","format":"standard","meta":{"ngg_post_thumbnail":0,"footnotes":""},"categories":[131,118,149],"tags":[335],"class_list":["post-98030","post","type-post","status-publish","format-standard","has-post-thumbnail","category-federacje","category-fimp-pl","category-wiadomosci","tag-seraphicum-pl"],"_links":{"self":[{"href":"https:\/\/www.ofmconv.net\/pl\/wp-json\/wp\/v2\/posts\/98030","targetHints":{"allow":["GET"]}}],"collection":[{"href":"https:\/\/www.ofmconv.net\/pl\/wp-json\/wp\/v2\/posts"}],"about":[{"href":"https:\/\/www.ofmconv.net\/pl\/wp-json\/wp\/v2\/types\/post"}],"author":[{"embeddable":true,"href":"https:\/\/www.ofmconv.net\/pl\/wp-json\/wp\/v2\/users\/1"}],"replies":[{"embeddable":true,"href":"https:\/\/www.ofmconv.net\/pl\/wp-json\/wp\/v2\/comments?post=98030"}],"version-history":[{"count":2,"href":"https:\/\/www.ofmconv.net\/pl\/wp-json\/wp\/v2\/posts\/98030\/revisions"}],"predecessor-version":[{"id":98033,"href":"https:\/\/www.ofmconv.net\/pl\/wp-json\/wp\/v2\/posts\/98030\/revisions\/98033"}],"wp:featuredmedia":[{"embeddable":true,"href":"https:\/\/www.ofmconv.net\/pl\/wp-json\/wp\/v2\/media\/97997"}],"wp:attachment":[{"href":"https:\/\/www.ofmconv.net\/pl\/wp-json\/wp\/v2\/media?parent=98030"}],"wp:term":[{"taxonomy":"category","embeddable":true,"href":"https:\/\/www.ofmconv.net\/pl\/wp-json\/wp\/v2\/categories?post=98030"},{"taxonomy":"post_tag","embeddable":true,"href":"https:\/\/www.ofmconv.net\/pl\/wp-json\/wp\/v2\/tags?post=98030"}],"curies":[{"name":"wp","href":"https:\/\/api.w.org\/{rel}","templated":true}]}}